{"id":501,"date":"2019-06-25T14:30:37","date_gmt":"2019-06-25T17:30:37","guid":{"rendered":"https:\/\/www.agenciasantafe.com.br\/blog\/?p=501"},"modified":"2020-01-07T10:20:14","modified_gmt":"2020-01-07T13:20:14","slug":"rd-on-the-road-sp-2019","status":"publish","type":"post","link":"https:\/\/www.agenciasantafe.com.br\/blog\/rd-on-the-road-sp-2019\/","title":{"rendered":"RD On The Road: Explorando Caminhos no RD On The Road SP"},"content":{"rendered":"<p style=\"text-align: center;\"><em>RD On The Road SP: 1 evento, 13 palestras de peso, 19 expositores refer\u00eancia do universo online, + de 2000 pessoas inscritas. Interatividade, tecnologia e muito calor humano<\/em><\/p>\n<p>No dia 18 de junho de 2019 o <strong>RD on The Road SP<\/strong> desembarcou na capital paulista com\u00a0uma infraestrutura de respeito. Nos palcos da Expo SP: Fernanda Gentil, Pollyana Bastos, Edu Costa, Jean Vidal, Renan Fernandes, Camilo Coutinho, Marcelo Hoffmann, Carol Lima, Luiz Piovesana, Rodrigo Martucci, Romeo Deon Busarello, Andr\u00e9 Siqueira, Renata Centuri\u00f3n, Renato Vieira, Vitor Pe\u00e7anha, Mahara Schotz e Eric Santos.<\/p>\n<p>No papel de mestre de cerim\u00f4nias, a responsabilidade ficou a cargo de Mariana Censi. E &#8220;Sem Cerim\u00f4nia&#8221; nenhuma <strong>Fernanda Gentil<\/strong> come\u00e7ou o dia arrebatando os cora\u00e7\u00f5es mandando seu recado e <strong>fazendo sua mensagem ecoar<\/strong> sobre o valor do <strong>&#8220;olhar no olho&#8221;<\/strong>. Fazer isso repercutir em um evento desse \u00e9 uma tarefa que poucas pessoas conseguem fazer, mas ela conseguiu! Quem esteve l\u00e1 entendeu o contexto da raz\u00e3o pela qual <strong>a frase ecoou<\/strong> no fim da tarde, na voz de Romeo Busarello.<\/p>\n<p><img loading=\"lazy\" class=\"aligncenter wp-image-519 size-full\" src=\"https:\/\/www.agenciasantafe.com.br\/blog\/wp-content\/uploads\/2019\/06\/IMG_8600-e1561480968432.jpg\" alt=\"RD On The Road SP\" width=\"3631\" height=\"1329\" srcset=\"https:\/\/www.agenciasantafe.com.br\/blog\/wp-content\/uploads\/2019\/06\/IMG_8600-e1561480968432.jpg 3631w, https:\/\/www.agenciasantafe.com.br\/blog\/wp-content\/uploads\/2019\/06\/IMG_8600-e1561480968432-300x110.jpg 300w, https:\/\/www.agenciasantafe.com.br\/blog\/wp-content\/uploads\/2019\/06\/IMG_8600-e1561480968432-768x281.jpg 768w, https:\/\/www.agenciasantafe.com.br\/blog\/wp-content\/uploads\/2019\/06\/IMG_8600-e1561480968432-1024x375.jpg 1024w\" sizes=\"(max-width: 3631px) 100vw, 3631px\" \/><\/p>\n<p>Talvez consigamos deixar claro neste artigo, para quem n\u00e3o teve a oportunidade de estar l\u00e1, que a frase fez sentido com o que foi transmitido nas palestras, que trouxeram <strong>a import\u00e2ncia da humaniza\u00e7\u00e3o<\/strong> como ferramenta de comunica\u00e7\u00e3o\u00a0no marketing digital. Afinal, <strong>s\u00e3o pessoas por tr\u00e1s das telas!<\/strong><\/p>\n<p>O que se via era um <strong>show de comunica\u00e7\u00e3o e marketing digital<\/strong>. Em uma infraestrutura complexa, era poss\u00edvel perceber a equipe da Resultados Digitais se dividir entre standes, c\u00e2meras, atender inscritos com problemas de interfer\u00eancia nos fones para ouvir as <strong>palestras simult\u00e2neas no formato de trilhas paralelas&#8230;<\/strong><\/p>\n<p>Al\u00e9m disso uma <strong>live show<\/strong> foi montada em um est\u00fadio que misturava nostalgia e modernidade em uma Kombi onde eram feitas <strong>entrevistas ao vivo<\/strong>, com grava\u00e7\u00e3o para possibilitar aos inscritos e aos que n\u00e3o puderam comparecer,\u00a0<a href=\"https:\/\/www.youtube.com\/watch?v=kCRC8kcio3M&amp;t=39s\"><strong>assistir<\/strong><\/a> depois.<\/p>\n<h2>Marketing Digital com Re$ultado &#8211; RD On The Road SP<\/h2>\n<h3>Marketing de Influ\u00eancia<\/h3>\n<p>O papel do marketing \u00e9 influenciar antes da decis\u00e3o de compra. Vender na era digital n\u00e3o ficou mais f\u00e1cil s\u00f3 ficou diferente. Entre outras coisas, com o marketing de influ\u00eancia:<\/p>\n<ul>\n<li>Aumentam\u00a0as oportunidades<\/li>\n<li>O retorno \u00e9 mais previs\u00edvel e escal\u00e1vel<\/li>\n<li>O n\u00famero de leads qualificados cresce<\/li>\n<li>A comunica\u00e7\u00e3o \u00e9 direcionada e assertiva<\/li>\n<li>A ascens\u00e3o da marca e a visibilidade \u00e9 um resultado tang\u00edvel<\/li>\n<\/ul>\n<p>A influ\u00eancia no marketing digital se d\u00e1 de muitas maneiras. <strong>Posicionamento e identifica\u00e7\u00e3o<\/strong> s\u00e3o duas delas. Se relacionar faz parte do marketing de influ\u00eancia que gera esse reconhecimento com a marca e resulta em engajamento com resultado. Por isso as marcas investem em <strong>pessoas que influenciam pessoas<\/strong>. No contexto pessoal, o acaso passa longe de pessoas que, estrategicamente se tornam influencers.<\/p>\n<p>Agora vamos as quest\u00f5es pr\u00e1ticas. <strong>Como fazer para atrair 97% das pessoas<\/strong> que est\u00e3o na internet mas n\u00e3o est\u00e3o prontas para comprar? \u00c9 preciso saber a diferen\u00e7a entre <strong>&#8220;conte\u00fado rico&#8221; e &#8220;conte\u00fado gr\u00e1tis&#8221;<\/strong>. Como atrair o seu lead para trocar o contato dele pelo seu conte\u00fado? Com um trabalho s\u00e9rio e bem estruturado de <strong>Inbound Marketing<\/strong>!<img loading=\"lazy\" class=\"alignnone wp-image-539 size-full\" src=\"https:\/\/www.agenciasantafe.com.br\/blog\/wp-content\/uploads\/2019\/06\/IMG_8678-e1561494954867.jpg\" alt=\"RD On The Road SP\" width=\"3744\" height=\"1580\" srcset=\"https:\/\/www.agenciasantafe.com.br\/blog\/wp-content\/uploads\/2019\/06\/IMG_8678-e1561494954867.jpg 3744w, https:\/\/www.agenciasantafe.com.br\/blog\/wp-content\/uploads\/2019\/06\/IMG_8678-e1561494954867-300x127.jpg 300w, https:\/\/www.agenciasantafe.com.br\/blog\/wp-content\/uploads\/2019\/06\/IMG_8678-e1561494954867-768x324.jpg 768w, https:\/\/www.agenciasantafe.com.br\/blog\/wp-content\/uploads\/2019\/06\/IMG_8678-e1561494954867-1024x432.jpg 1024w\" sizes=\"(max-width: 3744px) 100vw, 3744px\" \/><\/p>\n<h3>Linguagem do Marketing Digital<\/h3>\n<p>Entender a linguagem digital \u00e9 fundamental para acompanhar o mercado e a nova <strong>maneira de se comunicar nas redes<\/strong>. Eventos como o RD On The Road SP s\u00e3o gatilhos que <strong>oxigenam o c\u00e9rebro<\/strong> com ideias e possibilitam aos presentes aprender sobre esse <strong>vocabul\u00e1rio universal do mundo online<\/strong>.<\/p>\n<ul>\n<li><a href=\"https:\/\/www.agenciasantafe.com.br\/blog\/o-que-e-seo\/\">SEO<\/a><\/li>\n<li>ROI<\/li>\n<li><a href=\"https:\/\/www.agenciasantafe.com.br\/blog\/leads\/\">Leads<\/a><\/li>\n<li><a href=\"https:\/\/www.agenciasantafe.com.br\/blog\/persona-o-que-e\/\">Persona<\/a><\/li>\n<li>MindSet<\/li>\n<li>Branding<\/li>\n<li>Influencer<\/li>\n<li><a href=\"https:\/\/www.agenciasantafe.com.br\/blog\/landing-page\/\">Landing Page<\/a><\/li>\n<li>Conte\u00fado Rico<\/li>\n<li>Lead Qualificado<\/li>\n<li>Alcance Org\u00e2nico<\/li>\n<li><a href=\"https:\/\/www.agenciasantafe.com.br\/blog\/inbound-marketing-o-que-e\/\">Inbound Marketing<\/a><\/li>\n<li><a href=\"https:\/\/www.agenciasantafe.com.br\/blog\/jornada-de-compra\/\">Jornada de Compra<\/a><\/li>\n<li>Ecossistema Digital<\/li>\n<li>R\u00e9gua de Comunica\u00e7\u00e3o<\/li>\n<li>M\u00e9trica, automa\u00e7\u00e3o e fluxo<\/li>\n<li>Funil de Vendas no Marketing Digital<\/li>\n<\/ul>\n<p><img loading=\"lazy\" class=\"alignnone wp-image-585 size-full\" src=\"https:\/\/www.agenciasantafe.com.br\/blog\/wp-content\/uploads\/2019\/06\/IMG_8609-e1562850252964.jpg\" alt=\"rdontheroad\" width=\"3744\" height=\"1693\" srcset=\"https:\/\/www.agenciasantafe.com.br\/blog\/wp-content\/uploads\/2019\/06\/IMG_8609-e1562850252964.jpg 3744w, https:\/\/www.agenciasantafe.com.br\/blog\/wp-content\/uploads\/2019\/06\/IMG_8609-e1562850252964-300x136.jpg 300w, https:\/\/www.agenciasantafe.com.br\/blog\/wp-content\/uploads\/2019\/06\/IMG_8609-e1562850252964-768x347.jpg 768w, https:\/\/www.agenciasantafe.com.br\/blog\/wp-content\/uploads\/2019\/06\/IMG_8609-e1562850252964-1024x463.jpg 1024w\" sizes=\"(max-width: 3744px) 100vw, 3744px\" \/><\/p>\n<p>Esses foram alguns (s\u00f3 alguns mesmo) dos termos usados nas palestras e esclarecidos naturalmente na fala dos profissionais que promoviam\u00a0<strong>verdadeiras aulas<\/strong>, transmitindo o conhecimento para o p\u00fablico com maestria. Se voc\u00ea est\u00e1 em d\u00favida do que significa metade desses termos, est\u00e1 na hora de procurar profissionais que os entendam e os coloque em pr\u00e1tica!<\/p>\n<h3>M\u00e9trica de Investimento vs M\u00e9trica de Vaidade<\/h3>\n<p><strong>Saber medir o que os cliques<\/strong> na sua p\u00e1gina e no seu blog <strong>est\u00e3o te comunicando<\/strong> \u00e9 um grande divisor de \u00e1guas na sua produ\u00e7\u00e3o de conte\u00fado.\u00a0A quantidade de seguidores, curtidas, compartilhamentos, coment\u00e1rios e visualiza\u00e7\u00f5es <strong>pode te trazer retorno financeiro sim<\/strong>, \u00e9 verdade. Mas pra isso \u00e9 preciso fazer o <strong>conte\u00fado certo<\/strong>, para a audi\u00eancia certa, com a oferta certa, <strong>para gerar renda<\/strong>.<\/p>\n<p>A m\u00e9trica da vaidade pode parecer algo &#8216;estranho&#8217; ao primeiro olhar, mas n\u00e3o \u00e9. A busca pelo equil\u00edbrio entre <strong>entreter e educar<\/strong> est\u00e1 contemplada nela, que busca <strong>falar a l\u00edngua<\/strong>\u00a0do seu p\u00fablico e mais, da sua persona.<\/p>\n<p>O n\u00famero de seguidores e cliques diz muito sobre a <strong>qualidade do seu conte\u00fado<\/strong> e do seu posicionamento. Dentro da <strong>m\u00e9trica da vaidade<\/strong> est\u00e3o os n\u00fameros de acesso e tr\u00e1fego que comprovam a efic\u00e1cia da sua a\u00e7\u00e3o digital, o que n\u00e3o, necessariamente, significa <strong>venda.<\/strong><\/p>\n<p><strong>A l\u00f3gica do share of mind caminha para share of talk que fideliza no share of heart. <\/strong><em><strong>&#8220;A imagem atrai, mas o conte\u00fado convence&#8221;, <a href=\"http:\/\/carolinalima.com.br\/\" target=\"_blank\" rel=\"noopener\">Carol Lima<\/a>.<\/strong><\/em><\/p>\n<p>A verdade conecta as pessoas, fideliza e converte em credibilidade. Trabalhe o equil\u00edbrio entre a m\u00e9trica da vaidade como indicador da <strong>m\u00e9trica do investimento<\/strong> com verdade e, alcance o <strong>share of heart<\/strong>.<\/p>\n<p>Mas, cuidado, a <strong>m\u00e9trica de investimento<\/strong> nem sempre ser\u00e1 medida pela <strong>m\u00e9trica da vaidade<\/strong>. Sem diminuir em nada o que foi dito at\u00e9 aqui, o cuidado que se deve tomar \u00e9 quanto as <strong>estrat\u00e9gias<\/strong>. Um exemplo pr\u00e1tico apresentado no\u00a0<strong>RD On The Road SP<\/strong> foi o case em que dois v\u00eddeos, com o mesmo n\u00famero de visualiza\u00e7\u00f5es, mas com estrat\u00e9gias diferentes, rendeu R$ 1000 para um e mais de R$ 6000 para o outro, no mesmo espa\u00e7o de tempo. Ficar admirando a <strong>quantidade de visualiza\u00e7\u00f5es<\/strong> sem uma a\u00e7\u00e3o efetiva <strong>n\u00e3o paga contas<\/strong>!<\/p>\n<h4>V\u00eddeos &#8211; Esteja entre os primeiros &#8211; M\u00e9trica do Engajamento<\/h4>\n<p>Os v\u00eddeos s\u00e3o ferramentas incr\u00edveis que trazem retorno, mas \u00e9 preciso fazer com estrat\u00e9gia, como todo conte\u00fado.<\/p>\n<p>Quando uma empresa se prop\u00f5e a ter um canal no Youtube \u00e9 preciso saber a diferen\u00e7a de <strong>ser um youtuber<\/strong> e ser <strong>um canal empresarial no Youtube<\/strong>. Em outras palavras, significa dizer que \u00e9 preciso adaptar o conte\u00fado para sua persona. Se cabe piada ou esquetes c\u00f4micas, isso vai fazer parte de um<strong> planejamento<\/strong>.<\/p>\n<p><strong>Fa\u00e7a um roteiro.<\/strong> O roteiro deve estar no planejamento. <strong>&#8220;Sem estrat\u00e9gia seu v\u00eddeo \u00e9 s\u00f3 mais um&#8221;, <a href=\"https:\/\/www.youtube.com\/channel\/UCE617NVLMJ6Cjcx-nXsKYDw\" target=\"_blank\" rel=\"noopener\">Camilo Coutinho.<\/a><\/strong><\/p>\n<p><em><img loading=\"lazy\" class=\"size-medium wp-image-532 alignright\" src=\"https:\/\/www.agenciasantafe.com.br\/blog\/wp-content\/uploads\/2019\/06\/Camilo-Coutinho-265x300.jpg\" alt=\"Camilo Coutinho\" width=\"265\" height=\"300\" srcset=\"https:\/\/www.agenciasantafe.com.br\/blog\/wp-content\/uploads\/2019\/06\/Camilo-Coutinho-265x300.jpg 265w, https:\/\/www.agenciasantafe.com.br\/blog\/wp-content\/uploads\/2019\/06\/Camilo-Coutinho-768x869.jpg 768w, https:\/\/www.agenciasantafe.com.br\/blog\/wp-content\/uploads\/2019\/06\/Camilo-Coutinho-905x1024.jpg 905w, https:\/\/www.agenciasantafe.com.br\/blog\/wp-content\/uploads\/2019\/06\/Camilo-Coutinho.jpg 1808w\" sizes=\"(max-width: 265px) 100vw, 265px\" \/><\/em><\/p>\n<p>O m\u00e9todo do funil tamb\u00e9m \u00e9 usado estrategicamente para v\u00eddeos. <strong>Otimize seus v\u00eddeos<\/strong> e aprenda a ranque\u00e1-los para que sejam os primeiros da lista. Como? <strong>Use as ferramentas que a m\u00eddia disponibiliza.<\/strong>\u00a0Tags e descritivos s\u00e3o premissas b\u00e1sicas para ranqueamento.\u00a0O coment\u00e1rio promove mais engajamento do que a visualiza\u00e7\u00e3o. O like \u00e9 \u00f3timo, mas <strong>o deslike tamb\u00e9m ranqueia<\/strong>, ent\u00e3o n\u00e3o sofra tanto.<\/p>\n<p>Aumente seu alcance com legenda nos v\u00eddeos. No Brasil <strong>mais de 8 milh\u00f5es de pessoas tem defici\u00eancia auditiva<\/strong>. Sem contar as pessoas que muitas vezes querem ver o v\u00eddeo sem deixar de ouvir m\u00fasica ou est\u00e3o em algum lugar que por alguma raz\u00e3o o \u00e1udio precisa estar &#8216;mudo&#8217;, mas com legenda no v\u00eddeo \u00e9 poss\u00edvel ter acesso ao conte\u00fado. <strong>Aten\u00e7\u00e3o! Legenda NO v\u00eddeo \u00e9 uma coisa, DO v\u00eddeo \u00e9 outra.<\/strong><\/p>\n<h3>Marketing de Conte\u00fado &amp; Marketing de Relacionamento<\/h3>\n<p>Para ser bem feito, um s\u00f3 \u00e9 poss\u00edvel com o outro. O marketing de conte\u00fado se abastece do marketing de relacionamento. <strong>Para saber o que produzir, \u00e9 preciso se relacionar;<\/strong> Com o tema, com o assunto, com as personas que se interessam e v\u00e3o consumir seu conte\u00fado. Fazer uma boa pesquisa para identificar fatores internos e externos que influenciam \u00e9 fundamental para saber como aquele conte\u00fado pode ou vai impactar a imagem da empresa. <em><strong>&#8220;Nunca desconsidere o contexto. O p\u00fablico n\u00e3o consome marca e sim o que ela representa&#8221;, Vitor Pe\u00e7anha.<\/strong><\/em><\/p>\n<p>\u00c9 a conex\u00e3o conte\u00fado &#8211; relacionamento &#8211; impacto &#8211; posicionamento &#8211; imagem! Empresa &#8211; persona- influencer! Ah! Se seu conte\u00fado tem mote sazonal, <strong>garanta que a publica\u00e7\u00e3o seja feita\u00a0<\/strong><em><strong>on time<\/strong><\/em>.<\/p>\n<p>Para o marketing de conte\u00fado trazer resultado a <strong>&#8220;f\u00f3rmula secreta&#8221;<\/strong> \u00e9: testar, se relacionar, ter personalidade. Errar, e testar de novo, at\u00e9 acertar. Claro que existem mecanismos para acertar mais. <strong><em>&#8220;Diversifique o formato do seu conte\u00fado de acordo com o que a sua persona consome&#8221;, Andr\u00e9 Siqueira.<\/em><\/strong><em>\u00a0<\/em>Ferramentas e profissionais estudam e buscam novas tecnologias de resultado a todo momento. Esse evento e quem participa deles, como a <strong>Santa F\u00e9\/FALOMI<\/strong>, s\u00e3o exemplos que resumem como essas empresas est\u00e3o na busca por resultados assertivos.<\/p>\n<p>Pode parecer estranho, mas foi dito no evento que <em>&#8220;o bom profissional de marketing tem mais perguntas do que respostas&#8221;<\/em>. O cliente pode at\u00e9 estranhar, afinal, quer respostas. Mas o profissional precisa entender que <strong>o papel do marketing de conte\u00fado \u00e9 ajudar pessoas a resolver problemas e isso se faz com marketing de relacionamento.<\/strong> Em outras palavras, um est\u00e1 conectado ao outro.\u00a0<em><strong>&#8220;Quando voc\u00ea acha que tem resposta pra tudo, vem o mercado e muda a pergunta&#8221;, Romeo Deon Busarello.<\/strong><\/em><img loading=\"lazy\" class=\"alignnone wp-image-559 size-full\" src=\"https:\/\/www.agenciasantafe.com.br\/blog\/wp-content\/uploads\/2019\/06\/Vitor-Pe\u00e7anha.jpg\" alt=\"Vitor Pe\u00e7anha\" width=\"3080\" height=\"1485\" srcset=\"https:\/\/www.agenciasantafe.com.br\/blog\/wp-content\/uploads\/2019\/06\/Vitor-Pe\u00e7anha.jpg 3080w, https:\/\/www.agenciasantafe.com.br\/blog\/wp-content\/uploads\/2019\/06\/Vitor-Pe\u00e7anha-300x145.jpg 300w, https:\/\/www.agenciasantafe.com.br\/blog\/wp-content\/uploads\/2019\/06\/Vitor-Pe\u00e7anha-768x370.jpg 768w, https:\/\/www.agenciasantafe.com.br\/blog\/wp-content\/uploads\/2019\/06\/Vitor-Pe\u00e7anha-1024x494.jpg 1024w\" sizes=\"(max-width: 3080px) 100vw, 3080px\" \/><\/p>\n<h4>Como o conte\u00fado vai atingir o objetivo<\/h4>\n<p><strong>Um dos objetivos do marketing de conte\u00fado \u00e9 educar e informar.<\/strong> Quando a pessoa busca informa\u00e7\u00e3o, muitas vezes ela ainda n\u00e3o est\u00e1 pronta para comprar, mas se prop\u00f5e a buscar <strong>um conte\u00fado que some e fa\u00e7a sentido<\/strong> pra ela. Nesse momento, automaticamente <strong>seu conte\u00fado deve despertar o interesse<\/strong> de se relacionar; ser o gatilho para ela querer compartilhar. <strong>Quando o conte\u00fado faz sentido, a educa\u00e7\u00e3o se d\u00e1 naturalmente.<\/strong> \u00c9 uma via de m\u00e3o dupla. <em><strong>&#8220;A comunica\u00e7\u00e3o \u00e9 a sua mensagem depois que \u00e9 interpretada&#8221;,\u00a0Vitor Pe\u00e7anha.\u00a0<\/strong><\/em><\/p>\n<p>Saber como usar um e-mail marketing para que funcione e gere resultado. Aprender a converter leads em leads qualificados. <strong>Conquistar alcance org\u00e2nico.<\/strong> Obter \u00eaxito no reconhecimento da sua marca. <strong>Consolidar valor.<\/strong> Fazer pesquisa. <strong>Mind-Talk-Heart!<\/strong><\/p>\n<p>Ir a fundo em <strong>quest\u00f5es humanas<\/strong>, como estudar um b\u00e1sico de <strong>pareidolia<\/strong> e o que isso pode interferir nas suas a\u00e7\u00f5es de marketing, s\u00e3o patamares que, apesar de toda <strong>intelig\u00eancia artificial<\/strong> que auxilia o marketing digital, o\u00a0<strong>conte\u00fado rob\u00f3tico<\/strong> ainda n\u00e3o consegue alcan\u00e7ar! Se voc\u00ea quer converter, se voc\u00ea quer resultado, <strong>voc\u00ea precisa entender de pessoas.<\/strong><em><strong>\u00a0<\/strong><\/em><\/p>\n<p>O conte\u00fado s\u00f3 vai chegar\u00a0ao objetivo se for feito com qualidade. Exige empenho, esfor\u00e7o, pesquisa e testes. Adequa\u00e7\u00f5es, mudan\u00e7as, aten\u00e7\u00e3o as particularidades. Personalidade, t\u00e9cnicas, m\u00e9tricas e equil\u00edbrio com o fator humano. O que comunicar, para quem comunicar e o que se pretende atingir.\u00a0<em><strong>&#8220;Se voc\u00ea n\u00e3o entende de pessoas, voc\u00ea n\u00e3o entende de marketing&#8221;,\u00a0Vitor Pe\u00e7anha.\u00a0<\/strong><\/em><\/p>\n<h2>Resultado na Santa F\u00e9\/FALOMI &#8211;\u00a0p\u00f3s\u00a0 RD On The Road SP<\/h2>\n<ul>\n<li>Mente fervilhando de ideias<\/li>\n<li>Perspectiva do que podemos melhorar<\/li>\n<li>Sensa\u00e7\u00e3o de que estamos no caminho certo<\/li>\n<li>Reflex\u00e3o do que j\u00e1 est\u00e1 sendo feito na ag\u00eancia<\/li>\n<li>Conte\u00fado e troca de conhecimento com a equipe<\/li>\n<li>Colaboradoras motivadas<\/li>\n<li>Interatividade e tecnologia diretamente relacionada aos valores humanos<\/li>\n<li>Certeza de que \u00e9 preciso fazer <a href=\"https:\/\/www.agenciasantafe.com.br\/\">marketing digital<\/a> levando em conta o fator humano<\/li>\n<li>Consci\u00eancia de que h\u00e1 muito aprendizado ali, mas que tamb\u00e9m ainda h\u00e1 muito a aprender<\/li>\n<\/ul>\n","protected":false},"excerpt":{"rendered":"<p>RD On The Road SP: 1 evento, 13 palestras de peso, 19 expositores refer\u00eancia do universo online, + de 2000 pessoas inscritas. Interatividade, tecnologia e muito calor humano No dia 18 de junho de 2019 o RD on The Road SP desembarcou na capital paulista com\u00a0uma infraestrutura de respeito. Nos palcos da Expo SP: Fernanda&#8230;<\/p>\n","protected":false},"author":5,"featured_media":579,"comment_status":"open","ping_status":"open","sticky":false,"template":"","format":"standard","meta":[],"categories":[19,4],"tags":[18,17,14,12,15,13,11,16],"yoast_head":"<!-- This site is optimized with the Yoast SEO plugin v16.8 - https:\/\/yoast.com\/wordpress\/plugins\/seo\/ -->\n<title>RD On The Road: Explorando Caminhos no RD On The Road SP<\/title>\n<meta name=\"description\" content=\"Um artigo que tem um olhar que vai al\u00e9m do feedback. Nossas colaboradoras foram ao RD On The Road SP e resolveram escrever como foi essa experi\u00eancia.\" \/>\n<meta name=\"robots\" content=\"index, follow, max-snippet:-1, max-image-preview:large, max-video-preview:-1\" \/>\n<link rel=\"canonical\" href=\"https:\/\/www.agenciasantafe.com.br\/blog\/rd-on-the-road-sp-2019\/\" \/>\n<meta property=\"og:locale\" content=\"pt_BR\" \/>\n<meta property=\"og:type\" content=\"article\" \/>\n<meta property=\"og:title\" content=\"RD On The Road: Explorando Caminhos no RD On The Road SP\" \/>\n<meta property=\"og:description\" content=\"Um artigo que tem um olhar que vai al\u00e9m do feedback. Nossas colaboradoras foram ao RD On The Road SP e resolveram escrever como foi essa experi\u00eancia.\" \/>\n<meta property=\"og:url\" content=\"https:\/\/www.agenciasantafe.com.br\/blog\/rd-on-the-road-sp-2019\/\" \/>\n<meta property=\"og:site_name\" content=\"Ag\u00eancia de Marketing Digital - Santa F\u00e9\/FALOMI\" \/>\n<meta property=\"article:publisher\" content=\"https:\/\/www.facebook.com\/agenciasantafe\" \/>\n<meta property=\"article:published_time\" content=\"2019-06-25T17:30:37+00:00\" \/>\n<meta property=\"article:modified_time\" content=\"2020-01-07T13:20:14+00:00\" \/>\n<meta property=\"og:image\" content=\"https:\/\/www.agenciasantafe.com.br\/blog\/wp-content\/uploads\/2019\/06\/rd_on_the_road.png\" \/>\n\t<meta property=\"og:image:width\" content=\"732\" \/>\n\t<meta property=\"og:image:height\" content=\"380\" \/>\n<meta name=\"twitter:card\" content=\"summary_large_image\" \/>\n<meta name=\"twitter:creator\" content=\"@agenciasantafe\" \/>\n<meta name=\"twitter:site\" content=\"@agenciasantafe\" \/>\n<meta name=\"twitter:label1\" content=\"Escrito por\" \/>\n\t<meta name=\"twitter:data1\" content=\"Karime Ribeiro\" \/>\n\t<meta name=\"twitter:label2\" content=\"Est. tempo de leitura\" \/>\n\t<meta name=\"twitter:data2\" content=\"10 minutos\" \/>\n<script type=\"application\/ld+json\" class=\"yoast-schema-graph\">{\"@context\":\"https:\/\/schema.org\",\"@graph\":[{\"@type\":\"Organization\",\"@id\":\"https:\/\/www.agenciasantafe.com.br\/blog\/#organization\",\"name\":\"Santa F\\u00e9\/FALOMI\",\"url\":\"https:\/\/www.agenciasantafe.com.br\/blog\/\",\"sameAs\":[\"https:\/\/www.facebook.com\/agenciasantafe\",\"https:\/\/www.instagram.com\/santafefalomi\/\",\"https:\/\/www.linkedin.com\/company\/12077714\",\"https:\/\/twitter.com\/agenciasantafe\"],\"logo\":{\"@type\":\"ImageObject\",\"@id\":\"https:\/\/www.agenciasantafe.com.br\/blog\/#logo\",\"inLanguage\":\"pt-BR\",\"url\":\"https:\/\/www.agenciasantafe.com.br\/blog\/wp-content\/uploads\/2017\/11\/logo.jpg\",\"contentUrl\":\"https:\/\/www.agenciasantafe.com.br\/blog\/wp-content\/uploads\/2017\/11\/logo.jpg\",\"width\":150,\"height\":86,\"caption\":\"Santa F\\u00e9\/FALOMI\"},\"image\":{\"@id\":\"https:\/\/www.agenciasantafe.com.br\/blog\/#logo\"}},{\"@type\":\"WebSite\",\"@id\":\"https:\/\/www.agenciasantafe.com.br\/blog\/#website\",\"url\":\"https:\/\/www.agenciasantafe.com.br\/blog\/\",\"name\":\"Ag\\u00eancia de Marketing Digital - Santa F\\u00e9\/FALOMI\",\"description\":\"Este \\u00e9 o lugar certo para voc\\u00ea que gosta e procura informa\\u00e7\\u00f5es de marketing digital e vendas.\",\"publisher\":{\"@id\":\"https:\/\/www.agenciasantafe.com.br\/blog\/#organization\"},\"potentialAction\":[{\"@type\":\"SearchAction\",\"target\":{\"@type\":\"EntryPoint\",\"urlTemplate\":\"https:\/\/www.agenciasantafe.com.br\/blog\/?s={search_term_string}\"},\"query-input\":\"required name=search_term_string\"}],\"inLanguage\":\"pt-BR\"},{\"@type\":\"ImageObject\",\"@id\":\"https:\/\/www.agenciasantafe.com.br\/blog\/rd-on-the-road-sp-2019\/#primaryimage\",\"inLanguage\":\"pt-BR\",\"url\":\"https:\/\/www.agenciasantafe.com.br\/blog\/wp-content\/uploads\/2019\/06\/rd_on_the_road.png\",\"contentUrl\":\"https:\/\/www.agenciasantafe.com.br\/blog\/wp-content\/uploads\/2019\/06\/rd_on_the_road.png\",\"width\":732,\"height\":380},{\"@type\":\"WebPage\",\"@id\":\"https:\/\/www.agenciasantafe.com.br\/blog\/rd-on-the-road-sp-2019\/#webpage\",\"url\":\"https:\/\/www.agenciasantafe.com.br\/blog\/rd-on-the-road-sp-2019\/\",\"name\":\"RD On The Road: Explorando Caminhos no RD On The Road SP\",\"isPartOf\":{\"@id\":\"https:\/\/www.agenciasantafe.com.br\/blog\/#website\"},\"primaryImageOfPage\":{\"@id\":\"https:\/\/www.agenciasantafe.com.br\/blog\/rd-on-the-road-sp-2019\/#primaryimage\"},\"datePublished\":\"2019-06-25T17:30:37+00:00\",\"dateModified\":\"2020-01-07T13:20:14+00:00\",\"description\":\"Um artigo que tem um olhar que vai al\\u00e9m do feedback. Nossas colaboradoras foram ao RD On The Road SP e resolveram escrever como foi essa experi\\u00eancia.\",\"breadcrumb\":{\"@id\":\"https:\/\/www.agenciasantafe.com.br\/blog\/rd-on-the-road-sp-2019\/#breadcrumb\"},\"inLanguage\":\"pt-BR\",\"potentialAction\":[{\"@type\":\"ReadAction\",\"target\":[\"https:\/\/www.agenciasantafe.com.br\/blog\/rd-on-the-road-sp-2019\/\"]}]},{\"@type\":\"BreadcrumbList\",\"@id\":\"https:\/\/www.agenciasantafe.com.br\/blog\/rd-on-the-road-sp-2019\/#breadcrumb\",\"itemListElement\":[{\"@type\":\"ListItem\",\"position\":1,\"name\":\"In\\u00edcio\",\"item\":\"https:\/\/www.agenciasantafe.com.br\/blog\/\"},{\"@type\":\"ListItem\",\"position\":2,\"name\":\"RD On The Road: Explorando Caminhos no RD On The Road SP\"}]},{\"@type\":\"Article\",\"@id\":\"https:\/\/www.agenciasantafe.com.br\/blog\/rd-on-the-road-sp-2019\/#article\",\"isPartOf\":{\"@id\":\"https:\/\/www.agenciasantafe.com.br\/blog\/rd-on-the-road-sp-2019\/#webpage\"},\"author\":{\"@id\":\"https:\/\/www.agenciasantafe.com.br\/blog\/#\/schema\/person\/a82848bc24c5629c631c0828df86200d\"},\"headline\":\"RD On The Road: Explorando Caminhos no RD On The Road SP\",\"datePublished\":\"2019-06-25T17:30:37+00:00\",\"dateModified\":\"2020-01-07T13:20:14+00:00\",\"mainEntityOfPage\":{\"@id\":\"https:\/\/www.agenciasantafe.com.br\/blog\/rd-on-the-road-sp-2019\/#webpage\"},\"wordCount\":1962,\"commentCount\":2,\"publisher\":{\"@id\":\"https:\/\/www.agenciasantafe.com.br\/blog\/#organization\"},\"image\":{\"@id\":\"https:\/\/www.agenciasantafe.com.br\/blog\/rd-on-the-road-sp-2019\/#primaryimage\"},\"thumbnailUrl\":\"https:\/\/www.agenciasantafe.com.br\/blog\/wp-content\/uploads\/2019\/06\/rd_on_the_road.png\",\"keywords\":[\"Andr\\u00e9 Siqueira\",\"Carol Lima\",\"Eventos RD\",\"Inbound Marketing\",\"Marketing de Conte\\u00fado\",\"RD On The Road SP\",\"Resultados Digitais\",\"Vitor Pe\\u00e7anha\"],\"articleSection\":[\"Eventos\",\"Marketing Digital\"],\"inLanguage\":\"pt-BR\",\"potentialAction\":[{\"@type\":\"CommentAction\",\"name\":\"Comment\",\"target\":[\"https:\/\/www.agenciasantafe.com.br\/blog\/rd-on-the-road-sp-2019\/#respond\"]}]},{\"@type\":\"Person\",\"@id\":\"https:\/\/www.agenciasantafe.com.br\/blog\/#\/schema\/person\/a82848bc24c5629c631c0828df86200d\",\"name\":\"Karime Ribeiro\",\"image\":{\"@type\":\"ImageObject\",\"@id\":\"https:\/\/www.agenciasantafe.com.br\/blog\/#personlogo\",\"inLanguage\":\"pt-BR\",\"url\":\"https:\/\/secure.gravatar.com\/avatar\/407a42b5ca7f73a023f46ac9092c94dd?s=96&d=mm&r=g\",\"contentUrl\":\"https:\/\/secure.gravatar.com\/avatar\/407a42b5ca7f73a023f46ac9092c94dd?s=96&d=mm&r=g\",\"caption\":\"Karime Ribeiro\"},\"description\":\"Departamento de comunica\\u00e7\\u00e3o - Reda\\u00e7\\u00e3o, produ\\u00e7\\u00e3o de conte\\u00fado, m\\u00eddias digitais, jornalismo, assessoria, comunica\\u00e7\\u00e3o interna, eventos, responsabilidade social e arte-educa\\u00e7\\u00e3o. Este \\u00e9 meu know-how, portanto meu foco de trabalho!\",\"url\":\"https:\/\/www.agenciasantafe.com.br\/blog\/author\/karime\/\"}]}<\/script>\n<!-- \/ Yoast SEO plugin. -->","yoast_head_json":{"title":"RD On The Road: Explorando Caminhos no RD On The Road SP","description":"Um artigo que tem um olhar que vai al\u00e9m do feedback. Nossas colaboradoras foram ao RD On The Road SP e resolveram escrever como foi essa experi\u00eancia.","robots":{"index":"index","follow":"follow","max-snippet":"max-snippet:-1","max-image-preview":"max-image-preview:large","max-video-preview":"max-video-preview:-1"},"canonical":"https:\/\/www.agenciasantafe.com.br\/blog\/rd-on-the-road-sp-2019\/","og_locale":"pt_BR","og_type":"article","og_title":"RD On The Road: Explorando Caminhos no RD On The Road SP","og_description":"Um artigo que tem um olhar que vai al\u00e9m do feedback. Nossas colaboradoras foram ao RD On The Road SP e resolveram escrever como foi essa experi\u00eancia.","og_url":"https:\/\/www.agenciasantafe.com.br\/blog\/rd-on-the-road-sp-2019\/","og_site_name":"Ag\u00eancia de Marketing Digital - Santa F\u00e9\/FALOMI","article_publisher":"https:\/\/www.facebook.com\/agenciasantafe","article_published_time":"2019-06-25T17:30:37+00:00","article_modified_time":"2020-01-07T13:20:14+00:00","og_image":[{"width":732,"height":380,"url":"https:\/\/www.agenciasantafe.com.br\/blog\/wp-content\/uploads\/2019\/06\/rd_on_the_road.png","path":"\/home\/agenciasantafe\/www\/blog\/wp-content\/uploads\/2019\/06\/rd_on_the_road.png","size":"full","id":579,"alt":"","pixels":278160,"type":"image\/png"}],"twitter_card":"summary_large_image","twitter_creator":"@agenciasantafe","twitter_site":"@agenciasantafe","twitter_misc":{"Escrito por":"Karime Ribeiro","Est. tempo de leitura":"10 minutos"},"schema":{"@context":"https:\/\/schema.org","@graph":[{"@type":"Organization","@id":"https:\/\/www.agenciasantafe.com.br\/blog\/#organization","name":"Santa F\u00e9\/FALOMI","url":"https:\/\/www.agenciasantafe.com.br\/blog\/","sameAs":["https:\/\/www.facebook.com\/agenciasantafe","https:\/\/www.instagram.com\/santafefalomi\/","https:\/\/www.linkedin.com\/company\/12077714","https:\/\/twitter.com\/agenciasantafe"],"logo":{"@type":"ImageObject","@id":"https:\/\/www.agenciasantafe.com.br\/blog\/#logo","inLanguage":"pt-BR","url":"https:\/\/www.agenciasantafe.com.br\/blog\/wp-content\/uploads\/2017\/11\/logo.jpg","contentUrl":"https:\/\/www.agenciasantafe.com.br\/blog\/wp-content\/uploads\/2017\/11\/logo.jpg","width":150,"height":86,"caption":"Santa F\u00e9\/FALOMI"},"image":{"@id":"https:\/\/www.agenciasantafe.com.br\/blog\/#logo"}},{"@type":"WebSite","@id":"https:\/\/www.agenciasantafe.com.br\/blog\/#website","url":"https:\/\/www.agenciasantafe.com.br\/blog\/","name":"Ag\u00eancia de Marketing Digital - Santa F\u00e9\/FALOMI","description":"Este \u00e9 o lugar certo para voc\u00ea que gosta e procura informa\u00e7\u00f5es de marketing digital e vendas.","publisher":{"@id":"https:\/\/www.agenciasantafe.com.br\/blog\/#organization"},"potentialAction":[{"@type":"SearchAction","target":{"@type":"EntryPoint","urlTemplate":"https:\/\/www.agenciasantafe.com.br\/blog\/?s={search_term_string}"},"query-input":"required name=search_term_string"}],"inLanguage":"pt-BR"},{"@type":"ImageObject","@id":"https:\/\/www.agenciasantafe.com.br\/blog\/rd-on-the-road-sp-2019\/#primaryimage","inLanguage":"pt-BR","url":"https:\/\/www.agenciasantafe.com.br\/blog\/wp-content\/uploads\/2019\/06\/rd_on_the_road.png","contentUrl":"https:\/\/www.agenciasantafe.com.br\/blog\/wp-content\/uploads\/2019\/06\/rd_on_the_road.png","width":732,"height":380},{"@type":"WebPage","@id":"https:\/\/www.agenciasantafe.com.br\/blog\/rd-on-the-road-sp-2019\/#webpage","url":"https:\/\/www.agenciasantafe.com.br\/blog\/rd-on-the-road-sp-2019\/","name":"RD On The Road: Explorando Caminhos no RD On The Road SP","isPartOf":{"@id":"https:\/\/www.agenciasantafe.com.br\/blog\/#website"},"primaryImageOfPage":{"@id":"https:\/\/www.agenciasantafe.com.br\/blog\/rd-on-the-road-sp-2019\/#primaryimage"},"datePublished":"2019-06-25T17:30:37+00:00","dateModified":"2020-01-07T13:20:14+00:00","description":"Um artigo que tem um olhar que vai al\u00e9m do feedback. Nossas colaboradoras foram ao RD On The Road SP e resolveram escrever como foi essa experi\u00eancia.","breadcrumb":{"@id":"https:\/\/www.agenciasantafe.com.br\/blog\/rd-on-the-road-sp-2019\/#breadcrumb"},"inLanguage":"pt-BR","potentialAction":[{"@type":"ReadAction","target":["https:\/\/www.agenciasantafe.com.br\/blog\/rd-on-the-road-sp-2019\/"]}]},{"@type":"BreadcrumbList","@id":"https:\/\/www.agenciasantafe.com.br\/blog\/rd-on-the-road-sp-2019\/#breadcrumb","itemListElement":[{"@type":"ListItem","position":1,"name":"In\u00edcio","item":"https:\/\/www.agenciasantafe.com.br\/blog\/"},{"@type":"ListItem","position":2,"name":"RD On The Road: Explorando Caminhos no RD On The Road SP"}]},{"@type":"Article","@id":"https:\/\/www.agenciasantafe.com.br\/blog\/rd-on-the-road-sp-2019\/#article","isPartOf":{"@id":"https:\/\/www.agenciasantafe.com.br\/blog\/rd-on-the-road-sp-2019\/#webpage"},"author":{"@id":"https:\/\/www.agenciasantafe.com.br\/blog\/#\/schema\/person\/a82848bc24c5629c631c0828df86200d"},"headline":"RD On The Road: Explorando Caminhos no RD On The Road SP","datePublished":"2019-06-25T17:30:37+00:00","dateModified":"2020-01-07T13:20:14+00:00","mainEntityOfPage":{"@id":"https:\/\/www.agenciasantafe.com.br\/blog\/rd-on-the-road-sp-2019\/#webpage"},"wordCount":1962,"commentCount":2,"publisher":{"@id":"https:\/\/www.agenciasantafe.com.br\/blog\/#organization"},"image":{"@id":"https:\/\/www.agenciasantafe.com.br\/blog\/rd-on-the-road-sp-2019\/#primaryimage"},"thumbnailUrl":"https:\/\/www.agenciasantafe.com.br\/blog\/wp-content\/uploads\/2019\/06\/rd_on_the_road.png","keywords":["Andr\u00e9 Siqueira","Carol Lima","Eventos RD","Inbound Marketing","Marketing de Conte\u00fado","RD On The Road SP","Resultados Digitais","Vitor Pe\u00e7anha"],"articleSection":["Eventos","Marketing Digital"],"inLanguage":"pt-BR","potentialAction":[{"@type":"CommentAction","name":"Comment","target":["https:\/\/www.agenciasantafe.com.br\/blog\/rd-on-the-road-sp-2019\/#respond"]}]},{"@type":"Person","@id":"https:\/\/www.agenciasantafe.com.br\/blog\/#\/schema\/person\/a82848bc24c5629c631c0828df86200d","name":"Karime Ribeiro","image":{"@type":"ImageObject","@id":"https:\/\/www.agenciasantafe.com.br\/blog\/#personlogo","inLanguage":"pt-BR","url":"https:\/\/secure.gravatar.com\/avatar\/407a42b5ca7f73a023f46ac9092c94dd?s=96&d=mm&r=g","contentUrl":"https:\/\/secure.gravatar.com\/avatar\/407a42b5ca7f73a023f46ac9092c94dd?s=96&d=mm&r=g","caption":"Karime Ribeiro"},"description":"Departamento de comunica\u00e7\u00e3o - Reda\u00e7\u00e3o, produ\u00e7\u00e3o de conte\u00fado, m\u00eddias digitais, jornalismo, assessoria, comunica\u00e7\u00e3o interna, eventos, responsabilidade social e arte-educa\u00e7\u00e3o. Este \u00e9 meu know-how, portanto meu foco de trabalho!","url":"https:\/\/www.agenciasantafe.com.br\/blog\/author\/karime\/"}]}},"_links":{"self":[{"href":"https:\/\/www.agenciasantafe.com.br\/blog\/wp-json\/wp\/v2\/posts\/501"}],"collection":[{"href":"https:\/\/www.agenciasantafe.com.br\/blog\/wp-json\/wp\/v2\/posts"}],"about":[{"href":"https:\/\/www.agenciasantafe.com.br\/blog\/wp-json\/wp\/v2\/types\/post"}],"author":[{"embeddable":true,"href":"https:\/\/www.agenciasantafe.com.br\/blog\/wp-json\/wp\/v2\/users\/5"}],"replies":[{"embeddable":true,"href":"https:\/\/www.agenciasantafe.com.br\/blog\/wp-json\/wp\/v2\/comments?post=501"}],"version-history":[{"count":49,"href":"https:\/\/www.agenciasantafe.com.br\/blog\/wp-json\/wp\/v2\/posts\/501\/revisions"}],"predecessor-version":[{"id":1207,"href":"https:\/\/www.agenciasantafe.com.br\/blog\/wp-json\/wp\/v2\/posts\/501\/revisions\/1207"}],"wp:featuredmedia":[{"embeddable":true,"href":"https:\/\/www.agenciasantafe.com.br\/blog\/wp-json\/wp\/v2\/media\/579"}],"wp:attachment":[{"href":"https:\/\/www.agenciasantafe.com.br\/blog\/wp-json\/wp\/v2\/media?parent=501"}],"wp:term":[{"taxonomy":"category","embeddable":true,"href":"https:\/\/www.agenciasantafe.com.br\/blog\/wp-json\/wp\/v2\/categories?post=501"},{"taxonomy":"post_tag","embeddable":true,"href":"https:\/\/www.agenciasantafe.com.br\/blog\/wp-json\/wp\/v2\/tags?post=501"}],"curies":[{"name":"wp","href":"https:\/\/api.w.org\/{rel}","templated":true}]}}