{"id":593,"date":"2019-07-24T14:30:15","date_gmt":"2019-07-24T17:30:15","guid":{"rendered":"https:\/\/www.agenciasantafe.com.br\/blog\/?p=593"},"modified":"2019-07-23T18:39:47","modified_gmt":"2019-07-23T21:39:47","slug":"branding","status":"publish","type":"post","link":"https:\/\/www.agenciasantafe.com.br\/blog\/branding\/","title":{"rendered":"A Import\u00e2ncia do Branding nos Neg\u00f3cios"},"content":{"rendered":"<p style=\"text-align: center;\" align=\"center\"><em>Contextualizar conceitos, estabelecer um posicionamento e conhecer os fatores externos do mercado \u00e9 um bom come\u00e7o para desenvolver um trabalho de branding corporativo<\/em><\/p>\n<p>Toda empresa tem uma <strong>marca<\/strong>, ou seja, um nome acompanhado ou n\u00e3o de um s\u00edmbolo, imagem ou elemento que crie <strong>identifica\u00e7\u00e3o com seu arqu\u00e9tipo<\/strong> que, por sua vez, tem rela\u00e7\u00e3o com o <strong>posicionamento corporativo<\/strong>. O posicionamento est\u00e1 diretamente ligado aos <strong>valores da empresa<\/strong>. Tra\u00e7ar um planejamento de como comunicar isso e gerar identifica\u00e7\u00e3o com a sua <strong>persona<\/strong> \u00e9 um <strong>trabalho de branding<\/strong>.<\/p>\n<p>Em outras palavras o Branding\u00a0\u00e9 o termo que resume o <strong>conjunto de a\u00e7\u00f5es<\/strong> que alinham posicionamento e valores. O objetivo do planejamento de branding \u00e9 estabelecer um <strong>relacionamento<\/strong> entre a marca e a <a href=\"https:\/\/www.agenciasantafe.com.br\/blog\/persona-o-que-e\/\"><b>persona<\/b><\/a> por meio da identifica\u00e7\u00e3o.<\/p>\n<p>Pesquisas e an\u00e1lises de mercado s\u00e3o realizadas para verificar se o objetivo do <strong>planejamento de branding<\/strong> foi alcan\u00e7ado. Atualmente\u00a0dentro do plano estrat\u00e9gico, <strong>o\u00a0branding tem foco personalizado<\/strong>.<\/p>\n<p><strong>As a\u00e7\u00f5es de marketing nas tr\u00eas fases: antes, durante e depois da <\/strong><a href=\"https:\/\/www.agenciasantafe.com.br\/blog\/jornada-de-compra\/\"><b>jornada de compra<\/b><\/a><strong>, buscam alcan\u00e7ar o <\/strong><em><b>share of heart<\/b><\/em><strong> da persona.<\/strong> Por isso o planejamento personalizado com foco na identifica\u00e7\u00e3o atrav\u00e9s de uma comunica\u00e7\u00e3o mais emp\u00e1tica est\u00e1 no centro do processo.<\/p>\n<p>Descobrir o que <strong>influenciou a decis\u00e3o<\/strong> e qual fator levou a compra \u00e9 um dos resultados das a\u00e7\u00f5es de branding. Saber se a sensa\u00e7\u00e3o pretendida foi despertada \u00e9 sinal de que o planejamento <strong>estabeleceu uma conex\u00e3o<\/strong> e identificou a dor do cliente.<\/p>\n<p><img loading=\"lazy\" class=\"wp-image-598 size-full aligncenter\" src=\"https:\/\/www.agenciasantafe.com.br\/blog\/wp-content\/uploads\/2019\/07\/business-3639453_1920.jpg\" alt=\"Branding\" width=\"1920\" height=\"1145\" srcset=\"https:\/\/www.agenciasantafe.com.br\/blog\/wp-content\/uploads\/2019\/07\/business-3639453_1920.jpg 1920w, https:\/\/www.agenciasantafe.com.br\/blog\/wp-content\/uploads\/2019\/07\/business-3639453_1920-300x179.jpg 300w, https:\/\/www.agenciasantafe.com.br\/blog\/wp-content\/uploads\/2019\/07\/business-3639453_1920-768x458.jpg 768w, https:\/\/www.agenciasantafe.com.br\/blog\/wp-content\/uploads\/2019\/07\/business-3639453_1920-1024x611.jpg 1024w\" sizes=\"(max-width: 1920px) 100vw, 1920px\" \/><\/p>\n<h3>Branding Corporativo<\/h3>\n<p>O conceito de Branding \u00e9 antigo. Trabalhar conceito, posicionamento e <strong>identifica\u00e7\u00e3o de marca<\/strong> n\u00e3o \u00e9 novidade para o universo da\u00a0<strong>publicidade e propaganda<\/strong>. Com o passar do tempo novas terminologias surgem como forma de se adaptar linguagem e somar significados diante da <strong>diversidade<\/strong> que surge no mercado.<\/p>\n<p>Hoje, dentro de um <strong>planejamento estrat\u00e9gico<\/strong> com foco em resultado, conectado com os fatores que est\u00e3o dando retorno, o branding \u00e9 pautado com foco mais humano. Antes, durante e depois das a\u00e7\u00f5es de marketing!<\/p>\n<p><strong>A publicidade, a propaganda e o marketing n\u00e3o s\u00e3o mais sin\u00f4nimos de venda.<\/strong>\u00a0Claro que todo produto e servi\u00e7o tem em seu objetivo final a venda. Mas, para muito al\u00e9m da venda o <strong>foco da comunica\u00e7\u00e3o<\/strong> \u00e9 no <strong>relacionamento<\/strong>. Quem n\u00e3o se relaciona n\u00e3o vende.<\/p>\n<p>Com o passar do tempo adequa\u00e7\u00f5es na regulamenta\u00e7\u00e3o da legisla\u00e7\u00e3o publicit\u00e1ria foram feitas pautadas na <strong>responsabilidade civil da comunica\u00e7\u00e3o<\/strong>. A influ\u00eancia das marcas na vida das pessoas e o <strong>impacto das a\u00e7\u00f5es<\/strong> no mercado econ\u00f4mico, social e de consumo ganhou uma dimens\u00e3o que tem feito as empresas ampliarem o olhar quanto a isso.<\/p>\n<p>O comportamento humano na era p\u00f3s digital provoca a necessidade das marcas sa\u00edrem da zona de conforto. Isso exige o posicionamento de <strong>assumirem riscos<\/strong> em seus elementos de branding e <strong>plano de neg\u00f3cios<\/strong>.<\/p>\n<p>Diante disso fica muito clara a diferen\u00e7a entre informa\u00e7\u00e3o e conhecimento. O conhecimento aprofunda conceitos e amplia a <strong>vis\u00e3o de mundo que transp\u00f5e a informa\u00e7\u00e3o<\/strong>. <em>\u201cMarcas s\u00e3o feitas por pessoas e pessoas precisam fazer parte da marca\u201d<\/em>, afirmou Julia Alcantara na SEMAP &#8211; Semana do Marketing Pessoal realizado pelo <a href=\"https:\/\/efeitoorna.com\/\"><strong>Efeito Orna<\/strong><\/a><strong>.<\/strong><\/p>\n<p><img loading=\"lazy\" class=\"alignnone wp-image-599 size-full\" src=\"https:\/\/www.agenciasantafe.com.br\/blog\/wp-content\/uploads\/2019\/07\/business-3639565_1920.jpg\" alt=\"Branding\" width=\"1920\" height=\"828\" srcset=\"https:\/\/www.agenciasantafe.com.br\/blog\/wp-content\/uploads\/2019\/07\/business-3639565_1920.jpg 1920w, https:\/\/www.agenciasantafe.com.br\/blog\/wp-content\/uploads\/2019\/07\/business-3639565_1920-300x129.jpg 300w, https:\/\/www.agenciasantafe.com.br\/blog\/wp-content\/uploads\/2019\/07\/business-3639565_1920-768x331.jpg 768w, https:\/\/www.agenciasantafe.com.br\/blog\/wp-content\/uploads\/2019\/07\/business-3639565_1920-1024x442.jpg 1024w\" sizes=\"(max-width: 1920px) 100vw, 1920px\" \/><\/p>\n<p>&nbsp;<\/p>\n<h4>Arqu\u00e9tipo<\/h4>\n<p>N\u00e3o \u00e9 novidade que as estrat\u00e9gias de comunica\u00e7\u00e3o, publicidade e marketing se baseiam em <strong>estudos de mercado<\/strong>. O que nem todo mundo sabe ou d\u00e1 o devido valor \u00e9 aos <strong>estudos pautados<\/strong> em fatores que envolvem <strong>sociologia<\/strong>, antropologia, filosofia e <strong>psicologia<\/strong>. Mas s\u00e3o eles que, cada vez mais, d\u00e3o embasamento e <strong>sustenta\u00e7\u00e3o nas a\u00e7\u00f5es da era p\u00f3s digital.<\/strong><\/p>\n<p>Os arqu\u00e9tipos de Carl Jung, por exemplo, da <strong>psicologia anal\u00edtica<\/strong>, ou na teoria <strong>filos\u00f3fica de Plat\u00e3o<\/strong> s\u00e3o conceitos usados na publicidade para <strong>gerar identifica\u00e7\u00e3o<\/strong> com suas personas e alcan\u00e7ar o <em>share of heart<\/em>.<\/p>\n<p>Esses arqu\u00e9tipos, ou seja, essas imagens e s\u00edmbolos, segundo a <strong>psicologia<\/strong> anal\u00edtica de Jung, est\u00e3o enraizadas no nosso inconsciente. A <strong>publicidade<\/strong> trabalha para gerar essa identifica\u00e7\u00e3o, quando tra\u00e7os das nossas personalidades se afloram diante das campanhas que despertam esse sentido de <strong>reconhecimento com a marca<\/strong>. Valores ganham <strong>significados<\/strong>. <strong>Sonhos<\/strong> se tornam quase reais. E assim as marcas <strong>atingem as personas<\/strong>.<\/p>\n<h5>Arqu\u00e9tipo de Marca vs Arqu\u00e9tipo\u00a0da Persona<\/h5>\n<p>Nesse momento se divide o olhar para os dois perfis: <strong>Marca e Persona<\/strong>. Sua empresa pode ter o arqu\u00e9tipo do inocente, mas em alguma a\u00e7\u00e3o conseguir atingir a persona com o <strong>arqu\u00e9tipo da pessoa comum<\/strong>. Ou, ter em sua identidade <strong>a persona do amante<\/strong> e conseguir impactar a persona do governante. Neste caso, o que direciona a conquista da persona com tra\u00e7os diferentes do posicionamento da marca, \u00e9 a <strong>estrat\u00e9gia da campanha<\/strong>.<\/p>\n<p><strong>Em outras palavras, sua marca pode ter um arqu\u00e9tipo e lan\u00e7ar um produto com outro. O que vai direcionar isso e conquistar a persona \u00e9 o enredo da comunica\u00e7\u00e3o.<\/strong><\/p>\n<p>As marcas usam os arqu\u00e9tipos que remetam a <strong>imagem e posicionamento<\/strong> da empresa nas a\u00e7\u00f5es. Nas narrativas,\u00a0 history telling e, em todos os materiais sempre ser\u00e1 usado um <strong>elemento<\/strong> que remeta ao arqu\u00e9tipo da marca, sem perder o foco no arqu\u00e9tipo da persona a qual a campanha est\u00e1 direcionada.<\/p>\n<p>Em uma das apresenta\u00e7\u00f5es da <a href=\"https:\/\/semanadobranding.efeitoorna.com\/\" target=\"_blank\" rel=\"noopener\"><b>SEMAP<\/b><\/a> foram apresentados os <strong>arqu\u00e9tipos mapeados por Jung<\/strong> fazendo uma analogia com algumas marcas.<\/p>\n<ul>\n<li>\n<h6>O Inocente &#8211; ser feliz e viver em um mundo melhor \u00e9 uma caracter\u00edstica forte desse arqu\u00e9tipo.\u00a0 Um bom exemplo de marca que facilmente se identifica este \u00e9 a Disney.<\/h6>\n<\/li>\n<li>\n<h6>O Explorador &#8211; a liberdade \u00e9 o seu pilar de sustenta\u00e7\u00e3o. Conhecer novos lugares e se desafiar s\u00e3o caracter\u00edsticas latentes. Uma maca que remete a este arqu\u00e9tipo \u00e9 a Discovery Channel. Um filme que usou esse arqu\u00e9tipo foi o &#8220;Natureza Selvagem&#8221;.<\/h6>\n<\/li>\n<li>\n<h6>O S\u00e1bio &#8211; esse \u00e9 o arqu\u00e9tipo de marcas que trabalham a verdade pautada em dados. De car\u00e1ter informativo, transparente e com profundeza de conte\u00fado. Empresas de tecnologia costumam buscar esse arqu\u00e9tipo, bem como empresas ligadas a comunica\u00e7\u00e3o ou ainda institui\u00e7\u00f5es de ensino. Um exemplo \u00e9 a revista Galileu.<\/h6>\n<\/li>\n<li>\n<h6>O Her\u00f3i &#8211; a caracter\u00edstica mais forte \u00e9 a coragem. Marcas que desafiam as conven\u00e7\u00f5es e ousam sem receio de inovar e causar impacto como Nike e Red Bull s\u00e3o bons exemplos. A aventura tamb\u00e9m permeia as caracter\u00edsticas dessas marcas. No branding pessoal, atletas costumam tra\u00e7ar suas marca nesse arqu\u00e9tipo. Outro bom exemplo \u00e9 o instituto Ayrton Senna.<\/h6>\n<\/li>\n<li>\n<h6>Rebelde &#8211; este \u00e9 o cl\u00e1ssico do perfil de quebrar regras e chamar aten\u00e7\u00e3o. Mudar tudo o que acha que est\u00e1 errado no mundo. O exemplo trazido na SEMAP foi a marca Harley Davidson que propaga essa rebeldia com liberdade.<\/h6>\n<\/li>\n<li>\n<h6>O Mago &#8211; um arqu\u00e9tipo que busca gerar identifica\u00e7\u00e3o com a magia ou para a realiza\u00e7\u00e3o de sonhos. Como por exemplo a marca de desodorante Axe que usa de efeitos ligados a magia do perfume do desodorante como se tivesse uma m\u00e1gica ou a Mastercard proporcionando a realiza\u00e7\u00f5es de sonhos (como se a fatura n\u00e3o fosse chegar, rs)<\/h6>\n<p><img loading=\"lazy\" class=\"wp-image-621 size-full aligncenter\" src=\"https:\/\/www.agenciasantafe.com.br\/blog\/wp-content\/uploads\/2019\/07\/Screenshot_12.png\" alt=\"\" width=\"644\" height=\"384\" srcset=\"https:\/\/www.agenciasantafe.com.br\/blog\/wp-content\/uploads\/2019\/07\/Screenshot_12.png 644w, https:\/\/www.agenciasantafe.com.br\/blog\/wp-content\/uploads\/2019\/07\/Screenshot_12-300x179.png 300w\" sizes=\"(max-width: 644px) 100vw, 644px\" \/><\/li>\n<li>\n<h6>A Pessoa Comum &#8211; a caracter\u00edstica mais latente \u00e9 a simplicidade de fazer parte de um grupo e n\u00e3o chamar aten\u00e7\u00e3o. A GAP \u00e9 uma marca que direciona sua comunica\u00e7\u00e3o nessa linha de pensamento com o arqu\u00e9tipo da pessoa comum e a mensagem impl\u00edcita de &#8220;somos todos um&#8221;, de igualdade e pertencimento.<\/h6>\n<\/li>\n<li>\n<h6>O Amante &#8211; n\u00e3o atoa o atributo que se destaca nesse arqu\u00e9tipo \u00e9 o de querer se relacionar; Seja no sentido amoroso, familiar ou de amizade. Um bom exemplo \u00e9 a Chanel. <em>&#8220;Marcas de luxo costumam usar esse arqu\u00e9tipo&#8221;<\/em>, D\u00e9bora Alcantara &#8211; SEMAP.<\/h6>\n<\/li>\n<li>\n<h6>O Bem Humorado &#8211; a caracter\u00edstica mais forte \u00e9 a conex\u00e3o pelo humor. Marcas como M&amp;M, Trident e Pepsi se assemelham a esse perfil.<\/h6>\n<\/li>\n<li>\n<h6>O Prestativo &#8211; o desejo de ajudar \u00e9 quase inerente. O terceiro setor costuma usar muito esse arqu\u00e9tipo, mas marcas como J&amp;J e DOVE podem ser exemplos do setor privado que se colocam como marcas que tem esse perfil de cuidadoras.<\/h6>\n<\/li>\n<li>\n<h6>O Criador &#8211; criatividade se destaca nesse arqu\u00e9tipo. Empresas de tecnologia costumam utilizar esse arqu\u00e9tipo tamb\u00e9m pela identifica\u00e7\u00e3o e pela busca por criar algo novo. Steve Jobs e Apple s\u00e3o exemplos, assim como a Lego que, apesar de ser uma marca de brinquedos, tem em sua personalidade de marca predominante o arqu\u00e9tipo do criador e de estimular as crian\u00e7as a criar.<\/h6>\n<\/li>\n<li>\n<h6>O Governante &#8211; previsibilidade, poder, estabilidade e luxo s\u00e3o palavras chave que caracterizam a personalidade de uma marca assim.<\/h6>\n<\/li>\n<\/ul>\n<p><strong>Os animais<\/strong> tamb\u00e9m s\u00e3o arqu\u00e9tipos <strong>usados por algumas marcas<\/strong> que seguem estudos psicanal\u00edticos, sociais e filos\u00f3ficos. Por\u00e9m, h\u00e1 uma <strong>desconstru\u00e7\u00e3o<\/strong> envolvendo esse conceito de que n\u00e3o se deve usar por exemplo o coelho, a tartaruga ou o macaco.<\/p>\n<p>Como j\u00e1 foi citado nesse artigo <strong>os conceitos se atualizam<\/strong>\u00a0ent\u00e3o, entender a influ\u00eancia desses elementos na <strong>psique humana<\/strong> \u00e9 importante, mas tamb\u00e9m \u00e9 fundamental n\u00e3o se apegar exclusivamente a isso. Ousar, transformar e <strong>reinventar significados<\/strong> para romper padr\u00f5es e inovar a compreens\u00e3o, representa ampliar a vis\u00e3o do intelecto das gera\u00e7\u00f5es que permite a intera\u00e7\u00e3o <strong>&#8220;multifacetada&#8221;, <\/strong>e assim conseguir\u00a0impacta-la, por exemplo.<\/p>\n<p>\u00c9 importante destacar que <strong>o estudo dos arqu\u00e9tipos \u00e9 uma ferramenta<\/strong> e n\u00e3o um procedimento padr\u00e3o para o desenvolvimento do <strong>Branding<\/strong>.<\/p>\n<h4>Rebranding<\/h4>\n<p>Se o branding \u00e9 a constru\u00e7\u00e3o da <strong>imagem da marca<\/strong>, o rebranding \u00e9 a reconstru\u00e7\u00e3o. Seja uma <a href=\"https:\/\/iamdesignhotel.com\/branding-pessoal\/\"><strong>marca pessoal<\/strong><\/a> ou <strong>corporativa<\/strong> acompanhar as muta\u00e7\u00f5es do mercado, as <strong>transforma\u00e7\u00f5es<\/strong> sociais e tecnol\u00f3gicas e se adequar aos fatores econ\u00f4micos \u00e9 uma realidade para as empresas que buscam manter os <strong>neg\u00f3cios atualizados<\/strong>. Por isso \u00e9 preciso muitas vezes se recolocar ou se <strong>reinventar<\/strong>. Em breve traremos um artigo completo sobre rebranding!<\/p>\n","protected":false},"excerpt":{"rendered":"<p>Contextualizar conceitos, estabelecer um posicionamento e conhecer os fatores externos do mercado \u00e9 um bom come\u00e7o para desenvolver um trabalho de branding corporativo Toda empresa tem uma marca, ou seja, um nome acompanhado ou n\u00e3o de um s\u00edmbolo, imagem ou elemento que crie identifica\u00e7\u00e3o com seu arqu\u00e9tipo que, por sua vez, tem rela\u00e7\u00e3o com o&#8230;<\/p>\n","protected":false},"author":5,"featured_media":624,"comment_status":"open","ping_status":"open","sticky":false,"template":"","format":"standard","meta":[],"categories":[4],"tags":[],"yoast_head":"<!-- This site is optimized with the Yoast SEO plugin v16.8 - https:\/\/yoast.com\/wordpress\/plugins\/seo\/ -->\n<title>Entenda a import\u00e2ncia do Branding para o seu neg\u00f3cio<\/title>\n<meta name=\"description\" content=\"Contextualizar conceitos, estabelecer um posicionamento e conhecer os fatores externos do mercado \u00e9 um bom come\u00e7o para desenvolver um trabalho de branding.\" \/>\n<meta name=\"robots\" content=\"index, follow, max-snippet:-1, max-image-preview:large, max-video-preview:-1\" \/>\n<link rel=\"canonical\" href=\"https:\/\/www.agenciasantafe.com.br\/blog\/branding\/\" \/>\n<meta property=\"og:locale\" content=\"pt_BR\" \/>\n<meta property=\"og:type\" content=\"article\" \/>\n<meta property=\"og:title\" content=\"Entenda a import\u00e2ncia do Branding para o seu neg\u00f3cio\" \/>\n<meta property=\"og:description\" content=\"Contextualizar conceitos, estabelecer um posicionamento e conhecer os fatores externos do mercado \u00e9 um bom come\u00e7o para desenvolver um trabalho de branding.\" \/>\n<meta property=\"og:url\" content=\"https:\/\/www.agenciasantafe.com.br\/blog\/branding\/\" \/>\n<meta property=\"og:site_name\" content=\"Ag\u00eancia de Marketing Digital - Santa F\u00e9\/FALOMI\" \/>\n<meta property=\"article:publisher\" content=\"https:\/\/www.facebook.com\/agenciasantafe\" \/>\n<meta property=\"article:published_time\" content=\"2019-07-24T17:30:15+00:00\" \/>\n<meta property=\"article:modified_time\" content=\"2019-07-23T21:39:47+00:00\" \/>\n<meta property=\"og:image\" content=\"https:\/\/www.agenciasantafe.com.br\/blog\/wp-content\/uploads\/2019\/07\/artigo_branding.png\" \/>\n\t<meta property=\"og:image:width\" content=\"732\" \/>\n\t<meta property=\"og:image:height\" content=\"380\" \/>\n<meta name=\"twitter:card\" content=\"summary_large_image\" \/>\n<meta name=\"twitter:creator\" content=\"@agenciasantafe\" \/>\n<meta name=\"twitter:site\" content=\"@agenciasantafe\" \/>\n<meta name=\"twitter:label1\" content=\"Escrito por\" \/>\n\t<meta name=\"twitter:data1\" content=\"Karime Ribeiro\" \/>\n\t<meta name=\"twitter:label2\" content=\"Est. tempo de leitura\" \/>\n\t<meta name=\"twitter:data2\" content=\"8 minutos\" \/>\n<script type=\"application\/ld+json\" class=\"yoast-schema-graph\">{\"@context\":\"https:\/\/schema.org\",\"@graph\":[{\"@type\":\"Organization\",\"@id\":\"https:\/\/www.agenciasantafe.com.br\/blog\/#organization\",\"name\":\"Santa F\\u00e9\/FALOMI\",\"url\":\"https:\/\/www.agenciasantafe.com.br\/blog\/\",\"sameAs\":[\"https:\/\/www.facebook.com\/agenciasantafe\",\"https:\/\/www.instagram.com\/santafefalomi\/\",\"https:\/\/www.linkedin.com\/company\/12077714\",\"https:\/\/twitter.com\/agenciasantafe\"],\"logo\":{\"@type\":\"ImageObject\",\"@id\":\"https:\/\/www.agenciasantafe.com.br\/blog\/#logo\",\"inLanguage\":\"pt-BR\",\"url\":\"https:\/\/www.agenciasantafe.com.br\/blog\/wp-content\/uploads\/2017\/11\/logo.jpg\",\"contentUrl\":\"https:\/\/www.agenciasantafe.com.br\/blog\/wp-content\/uploads\/2017\/11\/logo.jpg\",\"width\":150,\"height\":86,\"caption\":\"Santa F\\u00e9\/FALOMI\"},\"image\":{\"@id\":\"https:\/\/www.agenciasantafe.com.br\/blog\/#logo\"}},{\"@type\":\"WebSite\",\"@id\":\"https:\/\/www.agenciasantafe.com.br\/blog\/#website\",\"url\":\"https:\/\/www.agenciasantafe.com.br\/blog\/\",\"name\":\"Ag\\u00eancia de Marketing Digital - Santa F\\u00e9\/FALOMI\",\"description\":\"Este \\u00e9 o lugar certo para voc\\u00ea que gosta e procura informa\\u00e7\\u00f5es de marketing digital e vendas.\",\"publisher\":{\"@id\":\"https:\/\/www.agenciasantafe.com.br\/blog\/#organization\"},\"potentialAction\":[{\"@type\":\"SearchAction\",\"target\":{\"@type\":\"EntryPoint\",\"urlTemplate\":\"https:\/\/www.agenciasantafe.com.br\/blog\/?s={search_term_string}\"},\"query-input\":\"required name=search_term_string\"}],\"inLanguage\":\"pt-BR\"},{\"@type\":\"ImageObject\",\"@id\":\"https:\/\/www.agenciasantafe.com.br\/blog\/branding\/#primaryimage\",\"inLanguage\":\"pt-BR\",\"url\":\"https:\/\/www.agenciasantafe.com.br\/blog\/wp-content\/uploads\/2019\/07\/artigo_branding.png\",\"contentUrl\":\"https:\/\/www.agenciasantafe.com.br\/blog\/wp-content\/uploads\/2019\/07\/artigo_branding.png\",\"width\":732,\"height\":380},{\"@type\":\"WebPage\",\"@id\":\"https:\/\/www.agenciasantafe.com.br\/blog\/branding\/#webpage\",\"url\":\"https:\/\/www.agenciasantafe.com.br\/blog\/branding\/\",\"name\":\"Entenda a import\\u00e2ncia do Branding para o seu neg\\u00f3cio\",\"isPartOf\":{\"@id\":\"https:\/\/www.agenciasantafe.com.br\/blog\/#website\"},\"primaryImageOfPage\":{\"@id\":\"https:\/\/www.agenciasantafe.com.br\/blog\/branding\/#primaryimage\"},\"datePublished\":\"2019-07-24T17:30:15+00:00\",\"dateModified\":\"2019-07-23T21:39:47+00:00\",\"description\":\"Contextualizar conceitos, estabelecer um posicionamento e conhecer os fatores externos do mercado \\u00e9 um bom come\\u00e7o para desenvolver um trabalho de branding.\",\"breadcrumb\":{\"@id\":\"https:\/\/www.agenciasantafe.com.br\/blog\/branding\/#breadcrumb\"},\"inLanguage\":\"pt-BR\",\"potentialAction\":[{\"@type\":\"ReadAction\",\"target\":[\"https:\/\/www.agenciasantafe.com.br\/blog\/branding\/\"]}]},{\"@type\":\"BreadcrumbList\",\"@id\":\"https:\/\/www.agenciasantafe.com.br\/blog\/branding\/#breadcrumb\",\"itemListElement\":[{\"@type\":\"ListItem\",\"position\":1,\"name\":\"In\\u00edcio\",\"item\":\"https:\/\/www.agenciasantafe.com.br\/blog\/\"},{\"@type\":\"ListItem\",\"position\":2,\"name\":\"A Import\\u00e2ncia do Branding nos Neg\\u00f3cios\"}]},{\"@type\":\"Article\",\"@id\":\"https:\/\/www.agenciasantafe.com.br\/blog\/branding\/#article\",\"isPartOf\":{\"@id\":\"https:\/\/www.agenciasantafe.com.br\/blog\/branding\/#webpage\"},\"author\":{\"@id\":\"https:\/\/www.agenciasantafe.com.br\/blog\/#\/schema\/person\/a82848bc24c5629c631c0828df86200d\"},\"headline\":\"A Import\\u00e2ncia do Branding nos Neg\\u00f3cios\",\"datePublished\":\"2019-07-24T17:30:15+00:00\",\"dateModified\":\"2019-07-23T21:39:47+00:00\",\"mainEntityOfPage\":{\"@id\":\"https:\/\/www.agenciasantafe.com.br\/blog\/branding\/#webpage\"},\"wordCount\":1684,\"commentCount\":3,\"publisher\":{\"@id\":\"https:\/\/www.agenciasantafe.com.br\/blog\/#organization\"},\"image\":{\"@id\":\"https:\/\/www.agenciasantafe.com.br\/blog\/branding\/#primaryimage\"},\"thumbnailUrl\":\"https:\/\/www.agenciasantafe.com.br\/blog\/wp-content\/uploads\/2019\/07\/artigo_branding.png\",\"articleSection\":[\"Marketing Digital\"],\"inLanguage\":\"pt-BR\",\"potentialAction\":[{\"@type\":\"CommentAction\",\"name\":\"Comment\",\"target\":[\"https:\/\/www.agenciasantafe.com.br\/blog\/branding\/#respond\"]}]},{\"@type\":\"Person\",\"@id\":\"https:\/\/www.agenciasantafe.com.br\/blog\/#\/schema\/person\/a82848bc24c5629c631c0828df86200d\",\"name\":\"Karime Ribeiro\",\"image\":{\"@type\":\"ImageObject\",\"@id\":\"https:\/\/www.agenciasantafe.com.br\/blog\/#personlogo\",\"inLanguage\":\"pt-BR\",\"url\":\"https:\/\/secure.gravatar.com\/avatar\/407a42b5ca7f73a023f46ac9092c94dd?s=96&d=mm&r=g\",\"contentUrl\":\"https:\/\/secure.gravatar.com\/avatar\/407a42b5ca7f73a023f46ac9092c94dd?s=96&d=mm&r=g\",\"caption\":\"Karime Ribeiro\"},\"description\":\"Departamento de comunica\\u00e7\\u00e3o - Reda\\u00e7\\u00e3o, produ\\u00e7\\u00e3o de conte\\u00fado, m\\u00eddias digitais, jornalismo, assessoria, comunica\\u00e7\\u00e3o interna, eventos, responsabilidade social e arte-educa\\u00e7\\u00e3o. Este \\u00e9 meu know-how, portanto meu foco de trabalho!\",\"url\":\"https:\/\/www.agenciasantafe.com.br\/blog\/author\/karime\/\"}]}<\/script>\n<!-- \/ Yoast SEO plugin. -->","yoast_head_json":{"title":"Entenda a import\u00e2ncia do Branding para o seu neg\u00f3cio","description":"Contextualizar conceitos, estabelecer um posicionamento e conhecer os fatores externos do mercado \u00e9 um bom come\u00e7o para desenvolver um trabalho de branding.","robots":{"index":"index","follow":"follow","max-snippet":"max-snippet:-1","max-image-preview":"max-image-preview:large","max-video-preview":"max-video-preview:-1"},"canonical":"https:\/\/www.agenciasantafe.com.br\/blog\/branding\/","og_locale":"pt_BR","og_type":"article","og_title":"Entenda a import\u00e2ncia do Branding para o seu neg\u00f3cio","og_description":"Contextualizar conceitos, estabelecer um posicionamento e conhecer os fatores externos do mercado \u00e9 um bom come\u00e7o para desenvolver um trabalho de branding.","og_url":"https:\/\/www.agenciasantafe.com.br\/blog\/branding\/","og_site_name":"Ag\u00eancia de Marketing Digital - Santa F\u00e9\/FALOMI","article_publisher":"https:\/\/www.facebook.com\/agenciasantafe","article_published_time":"2019-07-24T17:30:15+00:00","article_modified_time":"2019-07-23T21:39:47+00:00","og_image":[{"width":732,"height":380,"url":"https:\/\/www.agenciasantafe.com.br\/blog\/wp-content\/uploads\/2019\/07\/artigo_branding.png","path":"\/home\/agenciasantafe\/www\/blog\/wp-content\/uploads\/2019\/07\/artigo_branding.png","size":"full","id":624,"alt":"","pixels":278160,"type":"image\/png"}],"twitter_card":"summary_large_image","twitter_creator":"@agenciasantafe","twitter_site":"@agenciasantafe","twitter_misc":{"Escrito por":"Karime Ribeiro","Est. tempo de leitura":"8 minutos"},"schema":{"@context":"https:\/\/schema.org","@graph":[{"@type":"Organization","@id":"https:\/\/www.agenciasantafe.com.br\/blog\/#organization","name":"Santa F\u00e9\/FALOMI","url":"https:\/\/www.agenciasantafe.com.br\/blog\/","sameAs":["https:\/\/www.facebook.com\/agenciasantafe","https:\/\/www.instagram.com\/santafefalomi\/","https:\/\/www.linkedin.com\/company\/12077714","https:\/\/twitter.com\/agenciasantafe"],"logo":{"@type":"ImageObject","@id":"https:\/\/www.agenciasantafe.com.br\/blog\/#logo","inLanguage":"pt-BR","url":"https:\/\/www.agenciasantafe.com.br\/blog\/wp-content\/uploads\/2017\/11\/logo.jpg","contentUrl":"https:\/\/www.agenciasantafe.com.br\/blog\/wp-content\/uploads\/2017\/11\/logo.jpg","width":150,"height":86,"caption":"Santa F\u00e9\/FALOMI"},"image":{"@id":"https:\/\/www.agenciasantafe.com.br\/blog\/#logo"}},{"@type":"WebSite","@id":"https:\/\/www.agenciasantafe.com.br\/blog\/#website","url":"https:\/\/www.agenciasantafe.com.br\/blog\/","name":"Ag\u00eancia de Marketing Digital - Santa F\u00e9\/FALOMI","description":"Este \u00e9 o lugar certo para voc\u00ea que gosta e procura informa\u00e7\u00f5es de marketing digital e vendas.","publisher":{"@id":"https:\/\/www.agenciasantafe.com.br\/blog\/#organization"},"potentialAction":[{"@type":"SearchAction","target":{"@type":"EntryPoint","urlTemplate":"https:\/\/www.agenciasantafe.com.br\/blog\/?s={search_term_string}"},"query-input":"required name=search_term_string"}],"inLanguage":"pt-BR"},{"@type":"ImageObject","@id":"https:\/\/www.agenciasantafe.com.br\/blog\/branding\/#primaryimage","inLanguage":"pt-BR","url":"https:\/\/www.agenciasantafe.com.br\/blog\/wp-content\/uploads\/2019\/07\/artigo_branding.png","contentUrl":"https:\/\/www.agenciasantafe.com.br\/blog\/wp-content\/uploads\/2019\/07\/artigo_branding.png","width":732,"height":380},{"@type":"WebPage","@id":"https:\/\/www.agenciasantafe.com.br\/blog\/branding\/#webpage","url":"https:\/\/www.agenciasantafe.com.br\/blog\/branding\/","name":"Entenda a import\u00e2ncia do Branding para o seu neg\u00f3cio","isPartOf":{"@id":"https:\/\/www.agenciasantafe.com.br\/blog\/#website"},"primaryImageOfPage":{"@id":"https:\/\/www.agenciasantafe.com.br\/blog\/branding\/#primaryimage"},"datePublished":"2019-07-24T17:30:15+00:00","dateModified":"2019-07-23T21:39:47+00:00","description":"Contextualizar conceitos, estabelecer um posicionamento e conhecer os fatores externos do mercado \u00e9 um bom come\u00e7o para desenvolver um trabalho de branding.","breadcrumb":{"@id":"https:\/\/www.agenciasantafe.com.br\/blog\/branding\/#breadcrumb"},"inLanguage":"pt-BR","potentialAction":[{"@type":"ReadAction","target":["https:\/\/www.agenciasantafe.com.br\/blog\/branding\/"]}]},{"@type":"BreadcrumbList","@id":"https:\/\/www.agenciasantafe.com.br\/blog\/branding\/#breadcrumb","itemListElement":[{"@type":"ListItem","position":1,"name":"In\u00edcio","item":"https:\/\/www.agenciasantafe.com.br\/blog\/"},{"@type":"ListItem","position":2,"name":"A Import\u00e2ncia do Branding nos Neg\u00f3cios"}]},{"@type":"Article","@id":"https:\/\/www.agenciasantafe.com.br\/blog\/branding\/#article","isPartOf":{"@id":"https:\/\/www.agenciasantafe.com.br\/blog\/branding\/#webpage"},"author":{"@id":"https:\/\/www.agenciasantafe.com.br\/blog\/#\/schema\/person\/a82848bc24c5629c631c0828df86200d"},"headline":"A Import\u00e2ncia do Branding nos Neg\u00f3cios","datePublished":"2019-07-24T17:30:15+00:00","dateModified":"2019-07-23T21:39:47+00:00","mainEntityOfPage":{"@id":"https:\/\/www.agenciasantafe.com.br\/blog\/branding\/#webpage"},"wordCount":1684,"commentCount":3,"publisher":{"@id":"https:\/\/www.agenciasantafe.com.br\/blog\/#organization"},"image":{"@id":"https:\/\/www.agenciasantafe.com.br\/blog\/branding\/#primaryimage"},"thumbnailUrl":"https:\/\/www.agenciasantafe.com.br\/blog\/wp-content\/uploads\/2019\/07\/artigo_branding.png","articleSection":["Marketing Digital"],"inLanguage":"pt-BR","potentialAction":[{"@type":"CommentAction","name":"Comment","target":["https:\/\/www.agenciasantafe.com.br\/blog\/branding\/#respond"]}]},{"@type":"Person","@id":"https:\/\/www.agenciasantafe.com.br\/blog\/#\/schema\/person\/a82848bc24c5629c631c0828df86200d","name":"Karime Ribeiro","image":{"@type":"ImageObject","@id":"https:\/\/www.agenciasantafe.com.br\/blog\/#personlogo","inLanguage":"pt-BR","url":"https:\/\/secure.gravatar.com\/avatar\/407a42b5ca7f73a023f46ac9092c94dd?s=96&d=mm&r=g","contentUrl":"https:\/\/secure.gravatar.com\/avatar\/407a42b5ca7f73a023f46ac9092c94dd?s=96&d=mm&r=g","caption":"Karime Ribeiro"},"description":"Departamento de comunica\u00e7\u00e3o - Reda\u00e7\u00e3o, produ\u00e7\u00e3o de conte\u00fado, m\u00eddias digitais, jornalismo, assessoria, comunica\u00e7\u00e3o interna, eventos, responsabilidade social e arte-educa\u00e7\u00e3o. Este \u00e9 meu know-how, portanto meu foco de trabalho!","url":"https:\/\/www.agenciasantafe.com.br\/blog\/author\/karime\/"}]}},"_links":{"self":[{"href":"https:\/\/www.agenciasantafe.com.br\/blog\/wp-json\/wp\/v2\/posts\/593"}],"collection":[{"href":"https:\/\/www.agenciasantafe.com.br\/blog\/wp-json\/wp\/v2\/posts"}],"about":[{"href":"https:\/\/www.agenciasantafe.com.br\/blog\/wp-json\/wp\/v2\/types\/post"}],"author":[{"embeddable":true,"href":"https:\/\/www.agenciasantafe.com.br\/blog\/wp-json\/wp\/v2\/users\/5"}],"replies":[{"embeddable":true,"href":"https:\/\/www.agenciasantafe.com.br\/blog\/wp-json\/wp\/v2\/comments?post=593"}],"version-history":[{"count":23,"href":"https:\/\/www.agenciasantafe.com.br\/blog\/wp-json\/wp\/v2\/posts\/593\/revisions"}],"predecessor-version":[{"id":656,"href":"https:\/\/www.agenciasantafe.com.br\/blog\/wp-json\/wp\/v2\/posts\/593\/revisions\/656"}],"wp:featuredmedia":[{"embeddable":true,"href":"https:\/\/www.agenciasantafe.com.br\/blog\/wp-json\/wp\/v2\/media\/624"}],"wp:attachment":[{"href":"https:\/\/www.agenciasantafe.com.br\/blog\/wp-json\/wp\/v2\/media?parent=593"}],"wp:term":[{"taxonomy":"category","embeddable":true,"href":"https:\/\/www.agenciasantafe.com.br\/blog\/wp-json\/wp\/v2\/categories?post=593"},{"taxonomy":"post_tag","embeddable":true,"href":"https:\/\/www.agenciasantafe.com.br\/blog\/wp-json\/wp\/v2\/tags?post=593"}],"curies":[{"name":"wp","href":"https:\/\/api.w.org\/{rel}","templated":true}]}}