{"id":696,"date":"2019-08-07T08:36:13","date_gmt":"2019-08-07T11:36:13","guid":{"rendered":"https:\/\/www.agenciasantafe.com.br\/blog\/?p=696"},"modified":"2020-01-07T10:26:40","modified_gmt":"2020-01-07T13:26:40","slug":"apoiadora-oficial-procurement-club","status":"publish","type":"post","link":"https:\/\/www.agenciasantafe.com.br\/blog\/apoiadora-oficial-procurement-club\/","title":{"rendered":"Procurement Club: Santa F\u00e9\/FALOMI apoiadora Oficial"},"content":{"rendered":"<p style=\"text-align: center;\"><em>A ag\u00eancia Santa F\u00e9 FALOMI em seu processo de rebranding se tornou apoiadora oficial do Procurement Club. A primeira a\u00e7\u00e3o foi no 11\u00ba encontro sobre Mobilidade Corporativa que aconteceu no espa\u00e7o IT&#8217;S INFORMOV <\/em><\/p>\n<p>A 11\u00aa Ed. do Procurement Club &#8211; <strong>Mobilidade Corporativa<\/strong>\u00a0come\u00e7ou com um coffee que proporcionou uma intera\u00e7\u00e3o entre os presentes.\u00a0Empres\u00e1rios, gestores, CEOs. Pessoas interessadas em debater a Mobilidade Corporativa a partir de tr\u00eas pilares: <strong>Empresarial, Urbano e do indiv\u00edduo<\/strong>. O evento aconteceu no m\u00eas de julho no espa\u00e7o <strong><a href=\"https:\/\/itsinformov.com.br\/\">IT&#8217;S INFORMOV<\/a>\u00a0<\/strong>em S\u00e3o Paulo e apresentou dados que exigem solu\u00e7\u00f5es urgentes.<\/p>\n<p>N\u00f3s da ag\u00eancia <strong><a href=\"https:\/\/www.agenciasantafe.com.br\/blog\/branding\/\">Santa F\u00e9 FALOMI<\/a><\/strong> junto com a\u00a0<strong><a href=\"http:\/\/www.3coracoes.com.br\/\">Tr\u00eas Cora\u00e7\u00f5es<\/a><\/strong>, a <strong><a href=\"https:\/\/www.verticalgarden.com.br\/\">Vertical Garden<\/a><\/strong> e o <strong><a href=\"http:\/\/www.verzani.com.br\/pt\/home\/\">Grupo Verzani &amp; Sandrini<\/a><\/strong>, tamb\u00e9m apoiadores do evento do Procurement Club, sorteamos brindes e movimentamos o final do debate, antes do p\u00fablico seguir para o coquetel de encerramento do evento.<\/p>\n<h2>11\u00aa Ed. do Procurement Club<\/h2>\n<p>O impacto das inova\u00e7\u00f5es tecnol\u00f3gicas, como a <strong>substitui\u00e7\u00e3o de pessoas por rob\u00f4s<\/strong> em algumas fun\u00e7\u00f5es e o uso da intelig\u00eancia artificial para<strong> an\u00e1lise de dados,<\/strong>\u00a0foram citadas trazendo um outro olhar sobre este tema.<\/p>\n<p>A sequ\u00eancia das palestras parecia ter sido orquestrada estrategicamente para que um assunto complementasse o outro. A primeira palestra, de\u00a0<strong>Tiago Alves<\/strong>,\u00a0CEO do <a href=\"https:\/\/www.spacesworks.com\/\">SPACES<\/a> e <a href=\"https:\/\/www.regus.com.br\/\">Regus do Brasil<\/a>, tratou de come\u00e7ar mapeando o p\u00fablico presente com uma <strong>pesquisa interativa<\/strong>.<\/p>\n<p>Em seguida\u00a0<strong>Erik Naoki Nakandakare<\/strong>,\u00a0Head Comercial (p\u00fablico e privado) da <a href=\"https:\/\/99app.com\/\">99<\/a>, apresentou dados alarmantes sobre os problemas de tr\u00e2nsito e mobilidade urbana trazendo solu\u00e7\u00f5es relacionadas a\u00a0<strong>integra\u00e7\u00e3o multimodal<\/strong>.<\/p>\n<p>Por fim,\u00a0<strong>Flavio Tavares,<\/strong>\u00a0fundador do <a href=\"https:\/\/institutoparar.com.br\/pt\/home-page\/\">Instituto PARAR<\/a>, fez o contraponto das quest\u00f5es urbanas e empresariais, com solu\u00e7\u00f5es focadas em voltar o <strong>olhar para o indiv\u00edduo<\/strong>.<\/p>\n<p><img loading=\"lazy\" class=\"aligncenter wp-image-698 size-full\" src=\"https:\/\/www.agenciasantafe.com.br\/blog\/wp-content\/uploads\/2019\/08\/DSC_0024-e1565024816620.jpg\" alt=\"procurement club\" width=\"3008\" height=\"1834\" srcset=\"https:\/\/www.agenciasantafe.com.br\/blog\/wp-content\/uploads\/2019\/08\/DSC_0024-e1565024816620.jpg 3008w, https:\/\/www.agenciasantafe.com.br\/blog\/wp-content\/uploads\/2019\/08\/DSC_0024-e1565024816620-300x183.jpg 300w, https:\/\/www.agenciasantafe.com.br\/blog\/wp-content\/uploads\/2019\/08\/DSC_0024-e1565024816620-768x468.jpg 768w, https:\/\/www.agenciasantafe.com.br\/blog\/wp-content\/uploads\/2019\/08\/DSC_0024-e1565024816620-1024x624.jpg 1024w\" sizes=\"(max-width: 3008px) 100vw, 3008px\" \/><\/p>\n<h3><strong>Benef\u00edcios Econ\u00f4micos da Mobilidade Corporativa nas\u00a0Rela\u00e7\u00f5es de trabalho \u00a0<\/strong><\/h3>\n<p>Considerando o atual cen\u00e1rio <strong>pol\u00edtico-econ\u00f4mico<\/strong>, o evento trouxe <strong>aspectos da tecnologia<\/strong> como parceira nas novas <strong>rela\u00e7\u00f5es de trabalho<\/strong> que se criaram, como forma de se adaptar aos formatos que, aos poucos, se estabelecem.<\/p>\n<p>Continuar, segundo os palestrantes, no <strong>modelo engessado<\/strong> de <em>&#8220;entrar as 08h sair \u00e0s 18h e fazer uma hora de almo\u00e7o&#8221;<\/em> <strong>n\u00e3o condiz mais com a realidade<\/strong>; tanto das organiza\u00e7\u00f5es quanto das pessoas. Apesar de alguns empres\u00e1rios, ainda de acordo com os palestrantes, estabelecerem este perfil como mais funcional, <strong>a tend\u00eancia<\/strong> \u00e9 que isso, cada vez mais, <strong>seja flex\u00edvel com as futuras gera\u00e7\u00f5es<\/strong>. Afinal <em>&#8220;a gente reclama de um tr\u00e2nsito que a gente mesmo cria&#8221;<\/em>, comentou Fl\u00e1vio Tavares.<\/p>\n<p>Tiago Alves apresentou a estimativa de que <strong>65 % das crian\u00e7as<\/strong>, no futuro v\u00e3o trabalhar com atividades ou <strong>profiss\u00f5es que ainda n\u00e3o existem<\/strong>. A exemplo da profiss\u00e3o de &#8216;Youtuber&#8217; que h\u00e1 15 anos n\u00e3o existia, hoje existem cursos para se destacar na plataforma. Pode parecer brincadeira, mas empresas contratam <strong>youtubers<\/strong> para seus comerciais (tradicionais), por consider\u00e1-los <strong>&#8216;influencers&#8217;<\/strong>; outra profiss\u00e3o que h\u00e1 pouco tempo n\u00e3o existia. Sim, s\u00e3o consideradas profiss\u00f5es.<\/p>\n<p>Seguindo as <strong>tend\u00eancias<\/strong> apresentadas sobre a <strong>mobilidade corporativa<\/strong>, as pr\u00e1ticas de<strong> home office<\/strong> e as <strong>flexibiliza\u00e7\u00f5es<\/strong>\u00a0de hor\u00e1rio, contratos e outros, foram citadas como alternativas, formando uma teia de impacto; Tanto de <strong>produtividade<\/strong> quanto de <strong>qualidade de vida<\/strong> do funcion\u00e1rio, como da <strong>mobilidade urbana<\/strong>.<\/p>\n<p>Os espa\u00e7os de <strong>coworking<\/strong> foram apontados como solu\u00e7\u00e3o para <strong>pequenas, m\u00e9dias e grandes empresas<\/strong>. Com o vi\u00e9s da <strong>economia compartilhada<\/strong>, o argumento foi <strong>estrat\u00e9gico e matem\u00e1tico<\/strong>. Aparentemente, atende aos interesses empresariais e dos colaboradores.<\/p>\n<p>Considerando o <strong>fator human<\/strong>o, segundo os palestrantes, este formato <strong>promove intera\u00e7\u00e3o<\/strong>\u00a0<strong>e diversidade<\/strong>. Logo o colaborador n\u00e3o se sente s\u00f3 e amplia seu contato e vis\u00e3o de mundo. Al\u00e9m disso pode trabalhar mais pr\u00f3ximo de casa e ainda, <strong>otimiza o tempo de deslocamento<\/strong>. Em contrapartida, entre outras coisas, <strong>o empres\u00e1rio<\/strong> <strong>reduz custo<\/strong> com o espa\u00e7o f\u00edsico &#8216;pr\u00f3prio&#8217;.<\/p>\n<p><img loading=\"lazy\" class=\"aligncenter wp-image-719 size-full\" src=\"https:\/\/www.agenciasantafe.com.br\/blog\/wp-content\/uploads\/2019\/08\/office-269451_1920.jpg\" alt=\"coworking Its informov\" width=\"1920\" height=\"1433\" srcset=\"https:\/\/www.agenciasantafe.com.br\/blog\/wp-content\/uploads\/2019\/08\/office-269451_1920.jpg 1920w, https:\/\/www.agenciasantafe.com.br\/blog\/wp-content\/uploads\/2019\/08\/office-269451_1920-300x224.jpg 300w, https:\/\/www.agenciasantafe.com.br\/blog\/wp-content\/uploads\/2019\/08\/office-269451_1920-768x573.jpg 768w, https:\/\/www.agenciasantafe.com.br\/blog\/wp-content\/uploads\/2019\/08\/office-269451_1920-1024x764.jpg 1024w\" sizes=\"(max-width: 1920px) 100vw, 1920px\" \/><\/p>\n<h3><strong>Redu\u00e7\u00e3o de Danos Ambientais e Solu\u00e7\u00f5es para Mobilidade Urbana<\/strong><\/h3>\n<p>No Brasil a <strong>frota automotiva segue em crescimento<\/strong> e a ind\u00fastria estima uma alta de mais de 11% em 2019. Em outras palavras, o mercado est\u00e1 aquecido e solu\u00e7\u00f5es como o <strong>rodizio de placas<\/strong>, implantando na capital paulista, j\u00e1 <strong>n\u00e3o resolve mais o problema de mobilidade, tr\u00e2nsito e polui\u00e7\u00e3o<\/strong>.<\/p>\n<p>Na palestra de\u00a0<strong>Erik Naoki Nakandakare<\/strong>, um projeto de <strong>integra\u00e7\u00e3o dos transportes multimodal<\/strong> foi como uma luz no fim do t\u00fanel para a quest\u00e3o da mobilidade urbana, trazendo benef\u00edcios ambientais e consequentemente\u00a0 para a sa\u00fade humana.<\/p>\n<p><strong>O uso de carros e \u00f4nibus por aplicativo<\/strong> tendem a refletir significativamente no tr\u00e2nsito; bem como o uso dos outros modais. A medida que o h\u00e1bito do uso de patinetes e bicicletas crescem, al\u00e9m do tr\u00e2nsito, consequentemente melhora a qualidade do ar.<\/p>\n<p>Por\u00e9m, segundo o palestrante, o projeto de <strong>integra\u00e7\u00e3o dos multimodal<\/strong> \u00e9 uma realidade um pouco distante de ser implantada no Brasil a curto prazo.<\/p>\n<p>Para isso acontecer \u00e9 preciso haver educa\u00e7\u00e3o social e infraestrutura para atender as novas tecnologias. <strong>Ciclofaixas<\/strong>, sinaliza\u00e7\u00f5es, <strong>estacionamentos<\/strong>\u00a0adaptados entre tantos outros pontos. As apresenta\u00e7\u00f5es foram elucidativas inclusive quanto ao fato de <strong>n\u00e3o estarmos preparados para a chegada das tecnologias<\/strong>. Por\u00e9m, isso deve ser visto como um <strong>desafio a ser vencido<\/strong> e uma oportunidade de neg\u00f3cio.<\/p>\n<p>Segundo Nakandakare <strong>fica mais barato<\/strong>, para quem mora at\u00e9 12 km de dist\u00e2ncia do seu trabalho, seguir em um carro por aplicativo ou com algum outro transporte como bicicleta ou patinete, do que ter carro pr\u00f3prio.<\/p>\n<p>Os <strong>sites buscadores que comparam pre\u00e7os<\/strong> e permitem aos usu\u00e1rios avaliarem suas respectivas experi\u00eancias tamb\u00e9m foi um assunto abordado. Na opini\u00e3o de Naoki <em>&#8220;\u00e9 uma tend\u00eancia, assim como aconteceu com o setor de hotelaria.&#8221;\u00a0<\/em><\/p>\n<p>Ainda de acordo com o palestrante <strong>\u00e9 uma ferramenta que deve ser incentivada<\/strong> por estabelecer regras e promover experi\u00eancias melhores para o usu\u00e1rio.<\/p>\n<h3><img loading=\"lazy\" class=\"aligncenter wp-image-711 size-full\" src=\"https:\/\/www.agenciasantafe.com.br\/blog\/wp-content\/uploads\/2019\/08\/bridge-2536210_1280-e1565024949248.jpg\" alt=\"procurement club S\u00e3o Paulo\" width=\"1280\" height=\"617\" srcset=\"https:\/\/www.agenciasantafe.com.br\/blog\/wp-content\/uploads\/2019\/08\/bridge-2536210_1280-e1565024949248.jpg 1280w, https:\/\/www.agenciasantafe.com.br\/blog\/wp-content\/uploads\/2019\/08\/bridge-2536210_1280-e1565024949248-300x145.jpg 300w, https:\/\/www.agenciasantafe.com.br\/blog\/wp-content\/uploads\/2019\/08\/bridge-2536210_1280-e1565024949248-768x370.jpg 768w, https:\/\/www.agenciasantafe.com.br\/blog\/wp-content\/uploads\/2019\/08\/bridge-2536210_1280-e1565024949248-1024x494.jpg 1024w\" sizes=\"(max-width: 1280px) 100vw, 1280px\" \/><\/h3>\n<h3><strong>A Tecnologia da Mobilidade Corporativa Aplicada ao Fator Humano<\/strong><\/h3>\n<p>Para fechar a noite e abrir o debate, Fl\u00e1vio Tavares apresentou um contraponto, colocando o fator humano em foco.<\/p>\n<p>Sempre que se v\u00ea o assunto mobilidade, automaticamente se pensa em <strong>movimento e deslocamento<\/strong>. Mas, ao mesmo tempo \u00e9 a <strong>mobilidade do sedentarismo<\/strong>.\u00a0A\u00a0bicicleta \u00e9 el\u00e9trica, o patinete \u00e9 el\u00e9trico, a escada \u00e9 rolante e o elevador te leva ao topo sem que voc\u00ea precise nem mesmo apertar um bot\u00e3o.<strong><em>&#8220;Tudo se move pra gente n\u00e3o se mover.&#8221;<\/em>\u00a0<\/strong><\/p>\n<p>Enfim, \u00e9 uma tecnologia que promove sedentarismo e obesidade. Em outras palavras, o ser humano se acomoda e adoece. <strong>O contraponto n\u00e3o \u00e9 para ser contra a tecnologia<\/strong>, mas para acender um alerta sobre como a usamos.<\/p>\n<p>Na \u00faltima apresenta\u00e7\u00e3o da noite, um outro olhar sobre o conceito de mobilidade foi um espet\u00e1culo a parte. Por este prisma, <strong>mobilidade \u00e9\u00a0 tempo<\/strong>.\u00a0<em>&#8220;Hoje, 2 horas e 43 minutos \u00e9 o tempo m\u00e9dio que o paulistano gasta para se locomover do ponto A ao ponto B&#8221;<\/em>, comentou Fl\u00e1vio.<\/p>\n<p>Em outras palavras, porque tanto tem se falado em mobilidade? Porque <strong>as pessoas querem ter mais tempo<\/strong>. Ou seja, querem perder menos tempo no tr\u00e2nsito para ter mais tempo \u00fatil.<\/p>\n<p><em>&#8220;As pessoas n\u00e3o compram o que a gente faz e sim as horas que oferecemos pra elas&#8221;.<\/em> Logo, ficar parado naquele <strong>modelo de gest\u00e3o<\/strong> onde todos os funcion\u00e1rios chegam as 08h e saem as 18h j\u00e1 n\u00e3o \u00e9 mais produtivo pra ningu\u00e9m&#8230;<\/p>\n<p><strong>Gerenciar o pr\u00f3prio tempo<\/strong>\u00a0&#8211; estabelecer quest\u00f5es sobre a flexibiliza\u00e7\u00e3o do trabalho, pautado no fator humano, sem desconsiderar direitos, foram assuntos tratados no evento.<\/p>\n<blockquote><p><em>&#8220;O <strong>plano de benef\u00edcio<\/strong> da empresa \u00e9 coletivo. Mas pensar no coletivo n\u00e3o traz <strong>solu\u00e7\u00f5es de mobilidade<\/strong>. Uma funcion\u00e1ria pode ter o benef\u00edcio de poder usar a academia e querer o benef\u00edcio do aux\u00edlio creche. Mas, por ser <strong>um modelo engessado,<\/strong> ela n\u00e3o pode escolher o que \u00e9 melhor pra ela&#8221;, <\/em>exemplificou Fl\u00e1vio<em>.<\/em><\/p><\/blockquote>\n<p><strong>As novas rela\u00e7\u00f5es de trabalho<\/strong> tendem a transformar o mercado com as gera\u00e7\u00f5es que <strong>se reinventam<\/strong> a cada d\u00e9cada.<\/p>\n<h5>Rob\u00f4s e Intelig\u00eancia artificial<\/h5>\n<p>A chegada dos rob\u00f4s tem se apresentado como solu\u00e7\u00e3o para algumas quest\u00f5es. Assim como a intelig\u00eancia artificial, a ideia \u00e9 <strong>usar a tecnologia a favor<\/strong>\u00a0do tempo. O rob\u00f4 deve ser um meio para que a pessoa n\u00e3o fique sobrecarregada e, tenha mais tempo.<\/p>\n<p>Assim, as pessoas ter\u00e3o mais tempo para <strong>fazer o que o rob\u00f4 n\u00e3o pode fazer<\/strong>; Por exemplo: ficar com a fam\u00edlia ou se divertir com os amigos. Ou ainda, ter tempo pra si pr\u00f3prio.<\/p>\n<p>O rob\u00f4, do ponto de vista apresentado no evento, n\u00e3o vai roubar o lugar de ningu\u00e9m no mercado de trabalho. Em um conceito anal\u00edtico, <strong>as fun\u00e7\u00f5es e cargos se reformulam<\/strong> assim como <strong>as pessoas se adaptam<\/strong> e ganham novas habilidades.<\/p>\n","protected":false},"excerpt":{"rendered":"<p>A ag\u00eancia Santa F\u00e9 FALOMI em seu processo de rebranding se tornou apoiadora oficial do Procurement Club. A primeira a\u00e7\u00e3o foi no 11\u00ba encontro sobre Mobilidade Corporativa que aconteceu no espa\u00e7o IT&#8217;S INFORMOV A 11\u00aa Ed. do Procurement Club &#8211; Mobilidade Corporativa\u00a0come\u00e7ou com um coffee que proporcionou uma intera\u00e7\u00e3o entre os presentes.\u00a0Empres\u00e1rios, gestores, CEOs. Pessoas&#8230;<\/p>\n","protected":false},"author":1,"featured_media":697,"comment_status":"open","ping_status":"open","sticky":false,"template":"","format":"standard","meta":[],"categories":[19],"tags":[],"yoast_head":"<!-- This site is optimized with the Yoast SEO plugin v16.8 - https:\/\/yoast.com\/wordpress\/plugins\/seo\/ -->\n<title>Procurement Club: Santa F\u00e9\/FALOMI apoiadora Oficial<\/title>\n<meta name=\"description\" content=\"Novas estrat\u00e9gias de rebranding fez da ag\u00eancia Santa F\u00e9 FALOMI apoiadora oficial do Procurement Club no 11\u00ba encontro sobre Mobilidade Corporativa.\" \/>\n<meta name=\"robots\" content=\"index, follow, max-snippet:-1, max-image-preview:large, max-video-preview:-1\" \/>\n<link rel=\"canonical\" href=\"https:\/\/www.agenciasantafe.com.br\/blog\/apoiadora-oficial-procurement-club\/\" \/>\n<meta property=\"og:locale\" content=\"pt_BR\" \/>\n<meta property=\"og:type\" content=\"article\" \/>\n<meta property=\"og:title\" content=\"Procurement Club: Santa F\u00e9\/FALOMI apoiadora Oficial\" \/>\n<meta property=\"og:description\" content=\"Novas estrat\u00e9gias de rebranding fez da ag\u00eancia Santa F\u00e9 FALOMI apoiadora oficial do Procurement Club no 11\u00ba encontro sobre Mobilidade Corporativa.\" \/>\n<meta property=\"og:url\" content=\"https:\/\/www.agenciasantafe.com.br\/blog\/apoiadora-oficial-procurement-club\/\" \/>\n<meta property=\"og:site_name\" content=\"Ag\u00eancia de Marketing Digital - Santa F\u00e9\/FALOMI\" \/>\n<meta property=\"article:publisher\" content=\"https:\/\/www.facebook.com\/agenciasantafe\" \/>\n<meta property=\"article:published_time\" content=\"2019-08-07T11:36:13+00:00\" \/>\n<meta property=\"article:modified_time\" content=\"2020-01-07T13:26:40+00:00\" \/>\n<meta property=\"og:image\" content=\"https:\/\/www.agenciasantafe.com.br\/blog\/wp-content\/uploads\/2019\/08\/apoio_procurement.jpg\" \/>\n\t<meta property=\"og:image:width\" content=\"820\" \/>\n\t<meta property=\"og:image:height\" content=\"500\" \/>\n<meta name=\"twitter:card\" content=\"summary_large_image\" \/>\n<meta name=\"twitter:creator\" content=\"@agenciasantafe\" \/>\n<meta name=\"twitter:site\" content=\"@agenciasantafe\" \/>\n<meta name=\"twitter:label1\" content=\"Escrito por\" \/>\n\t<meta name=\"twitter:data1\" content=\"Redatores Santa F\u00e9\/FALOMI\" \/>\n\t<meta name=\"twitter:label2\" content=\"Est. tempo de leitura\" \/>\n\t<meta name=\"twitter:data2\" content=\"8 minutos\" \/>\n<script type=\"application\/ld+json\" class=\"yoast-schema-graph\">{\"@context\":\"https:\/\/schema.org\",\"@graph\":[{\"@type\":\"Organization\",\"@id\":\"https:\/\/www.agenciasantafe.com.br\/blog\/#organization\",\"name\":\"Santa F\\u00e9\/FALOMI\",\"url\":\"https:\/\/www.agenciasantafe.com.br\/blog\/\",\"sameAs\":[\"https:\/\/www.facebook.com\/agenciasantafe\",\"https:\/\/www.instagram.com\/santafefalomi\/\",\"https:\/\/www.linkedin.com\/company\/12077714\",\"https:\/\/twitter.com\/agenciasantafe\"],\"logo\":{\"@type\":\"ImageObject\",\"@id\":\"https:\/\/www.agenciasantafe.com.br\/blog\/#logo\",\"inLanguage\":\"pt-BR\",\"url\":\"https:\/\/www.agenciasantafe.com.br\/blog\/wp-content\/uploads\/2017\/11\/logo.jpg\",\"contentUrl\":\"https:\/\/www.agenciasantafe.com.br\/blog\/wp-content\/uploads\/2017\/11\/logo.jpg\",\"width\":150,\"height\":86,\"caption\":\"Santa F\\u00e9\/FALOMI\"},\"image\":{\"@id\":\"https:\/\/www.agenciasantafe.com.br\/blog\/#logo\"}},{\"@type\":\"WebSite\",\"@id\":\"https:\/\/www.agenciasantafe.com.br\/blog\/#website\",\"url\":\"https:\/\/www.agenciasantafe.com.br\/blog\/\",\"name\":\"Ag\\u00eancia de Marketing Digital - Santa F\\u00e9\/FALOMI\",\"description\":\"Este \\u00e9 o lugar certo para voc\\u00ea que gosta e procura informa\\u00e7\\u00f5es de marketing digital e vendas.\",\"publisher\":{\"@id\":\"https:\/\/www.agenciasantafe.com.br\/blog\/#organization\"},\"potentialAction\":[{\"@type\":\"SearchAction\",\"target\":{\"@type\":\"EntryPoint\",\"urlTemplate\":\"https:\/\/www.agenciasantafe.com.br\/blog\/?s={search_term_string}\"},\"query-input\":\"required name=search_term_string\"}],\"inLanguage\":\"pt-BR\"},{\"@type\":\"ImageObject\",\"@id\":\"https:\/\/www.agenciasantafe.com.br\/blog\/apoiadora-oficial-procurement-club\/#primaryimage\",\"inLanguage\":\"pt-BR\",\"url\":\"https:\/\/www.agenciasantafe.com.br\/blog\/wp-content\/uploads\/2019\/08\/apoio_procurement.jpg\",\"contentUrl\":\"https:\/\/www.agenciasantafe.com.br\/blog\/wp-content\/uploads\/2019\/08\/apoio_procurement.jpg\",\"width\":820,\"height\":500,\"caption\":\"Apoiadora Oficial\"},{\"@type\":\"WebPage\",\"@id\":\"https:\/\/www.agenciasantafe.com.br\/blog\/apoiadora-oficial-procurement-club\/#webpage\",\"url\":\"https:\/\/www.agenciasantafe.com.br\/blog\/apoiadora-oficial-procurement-club\/\",\"name\":\"Procurement Club: Santa F\\u00e9\/FALOMI apoiadora Oficial\",\"isPartOf\":{\"@id\":\"https:\/\/www.agenciasantafe.com.br\/blog\/#website\"},\"primaryImageOfPage\":{\"@id\":\"https:\/\/www.agenciasantafe.com.br\/blog\/apoiadora-oficial-procurement-club\/#primaryimage\"},\"datePublished\":\"2019-08-07T11:36:13+00:00\",\"dateModified\":\"2020-01-07T13:26:40+00:00\",\"description\":\"Novas estrat\\u00e9gias de rebranding fez da ag\\u00eancia Santa F\\u00e9 FALOMI apoiadora oficial do Procurement Club no 11\\u00ba encontro sobre Mobilidade Corporativa.\",\"breadcrumb\":{\"@id\":\"https:\/\/www.agenciasantafe.com.br\/blog\/apoiadora-oficial-procurement-club\/#breadcrumb\"},\"inLanguage\":\"pt-BR\",\"potentialAction\":[{\"@type\":\"ReadAction\",\"target\":[\"https:\/\/www.agenciasantafe.com.br\/blog\/apoiadora-oficial-procurement-club\/\"]}]},{\"@type\":\"BreadcrumbList\",\"@id\":\"https:\/\/www.agenciasantafe.com.br\/blog\/apoiadora-oficial-procurement-club\/#breadcrumb\",\"itemListElement\":[{\"@type\":\"ListItem\",\"position\":1,\"name\":\"In\\u00edcio\",\"item\":\"https:\/\/www.agenciasantafe.com.br\/blog\/\"},{\"@type\":\"ListItem\",\"position\":2,\"name\":\"Procurement Club: Santa F\\u00e9\/FALOMI apoiadora Oficial\"}]},{\"@type\":\"Article\",\"@id\":\"https:\/\/www.agenciasantafe.com.br\/blog\/apoiadora-oficial-procurement-club\/#article\",\"isPartOf\":{\"@id\":\"https:\/\/www.agenciasantafe.com.br\/blog\/apoiadora-oficial-procurement-club\/#webpage\"},\"author\":{\"@id\":\"https:\/\/www.agenciasantafe.com.br\/blog\/#\/schema\/person\/e0f6fc91c1c7f6d8fafaf466e64db088\"},\"headline\":\"Procurement Club: Santa F\\u00e9\/FALOMI apoiadora Oficial\",\"datePublished\":\"2019-08-07T11:36:13+00:00\",\"dateModified\":\"2020-01-07T13:26:40+00:00\",\"mainEntityOfPage\":{\"@id\":\"https:\/\/www.agenciasantafe.com.br\/blog\/apoiadora-oficial-procurement-club\/#webpage\"},\"wordCount\":1509,\"commentCount\":0,\"publisher\":{\"@id\":\"https:\/\/www.agenciasantafe.com.br\/blog\/#organization\"},\"image\":{\"@id\":\"https:\/\/www.agenciasantafe.com.br\/blog\/apoiadora-oficial-procurement-club\/#primaryimage\"},\"thumbnailUrl\":\"https:\/\/www.agenciasantafe.com.br\/blog\/wp-content\/uploads\/2019\/08\/apoio_procurement.jpg\",\"articleSection\":[\"Eventos\"],\"inLanguage\":\"pt-BR\",\"potentialAction\":[{\"@type\":\"CommentAction\",\"name\":\"Comment\",\"target\":[\"https:\/\/www.agenciasantafe.com.br\/blog\/apoiadora-oficial-procurement-club\/#respond\"]}]},{\"@type\":\"Person\",\"@id\":\"https:\/\/www.agenciasantafe.com.br\/blog\/#\/schema\/person\/e0f6fc91c1c7f6d8fafaf466e64db088\",\"name\":\"Redatores Santa F\\u00e9\/FALOMI\",\"image\":{\"@type\":\"ImageObject\",\"@id\":\"https:\/\/www.agenciasantafe.com.br\/blog\/#personlogo\",\"inLanguage\":\"pt-BR\",\"url\":\"https:\/\/secure.gravatar.com\/avatar\/81c0d899ce6c933b5787fd56a5aab7bc?s=96&d=mm&r=g\",\"contentUrl\":\"https:\/\/secure.gravatar.com\/avatar\/81c0d899ce6c933b5787fd56a5aab7bc?s=96&d=mm&r=g\",\"caption\":\"Redatores Santa F\\u00e9\/FALOMI\"},\"url\":\"https:\/\/www.agenciasantafe.com.br\/blog\/author\/santafe\/\"}]}<\/script>\n<!-- \/ Yoast SEO plugin. -->","yoast_head_json":{"title":"Procurement Club: Santa F\u00e9\/FALOMI apoiadora Oficial","description":"Novas estrat\u00e9gias de rebranding fez da ag\u00eancia Santa F\u00e9 FALOMI apoiadora oficial do Procurement Club no 11\u00ba encontro sobre Mobilidade Corporativa.","robots":{"index":"index","follow":"follow","max-snippet":"max-snippet:-1","max-image-preview":"max-image-preview:large","max-video-preview":"max-video-preview:-1"},"canonical":"https:\/\/www.agenciasantafe.com.br\/blog\/apoiadora-oficial-procurement-club\/","og_locale":"pt_BR","og_type":"article","og_title":"Procurement Club: Santa F\u00e9\/FALOMI apoiadora Oficial","og_description":"Novas estrat\u00e9gias de rebranding fez da ag\u00eancia Santa F\u00e9 FALOMI apoiadora oficial do Procurement Club no 11\u00ba encontro sobre Mobilidade Corporativa.","og_url":"https:\/\/www.agenciasantafe.com.br\/blog\/apoiadora-oficial-procurement-club\/","og_site_name":"Ag\u00eancia de Marketing Digital - Santa F\u00e9\/FALOMI","article_publisher":"https:\/\/www.facebook.com\/agenciasantafe","article_published_time":"2019-08-07T11:36:13+00:00","article_modified_time":"2020-01-07T13:26:40+00:00","og_image":[{"width":820,"height":500,"url":"https:\/\/www.agenciasantafe.com.br\/blog\/wp-content\/uploads\/2019\/08\/apoio_procurement.jpg","path":"\/home\/agenciasantafe\/www\/blog\/wp-content\/uploads\/2019\/08\/apoio_procurement.jpg","size":"full","id":697,"alt":"Apoiadora Oficial","pixels":410000,"type":"image\/jpeg"}],"twitter_card":"summary_large_image","twitter_creator":"@agenciasantafe","twitter_site":"@agenciasantafe","twitter_misc":{"Escrito por":"Redatores Santa F\u00e9\/FALOMI","Est. tempo de leitura":"8 minutos"},"schema":{"@context":"https:\/\/schema.org","@graph":[{"@type":"Organization","@id":"https:\/\/www.agenciasantafe.com.br\/blog\/#organization","name":"Santa F\u00e9\/FALOMI","url":"https:\/\/www.agenciasantafe.com.br\/blog\/","sameAs":["https:\/\/www.facebook.com\/agenciasantafe","https:\/\/www.instagram.com\/santafefalomi\/","https:\/\/www.linkedin.com\/company\/12077714","https:\/\/twitter.com\/agenciasantafe"],"logo":{"@type":"ImageObject","@id":"https:\/\/www.agenciasantafe.com.br\/blog\/#logo","inLanguage":"pt-BR","url":"https:\/\/www.agenciasantafe.com.br\/blog\/wp-content\/uploads\/2017\/11\/logo.jpg","contentUrl":"https:\/\/www.agenciasantafe.com.br\/blog\/wp-content\/uploads\/2017\/11\/logo.jpg","width":150,"height":86,"caption":"Santa F\u00e9\/FALOMI"},"image":{"@id":"https:\/\/www.agenciasantafe.com.br\/blog\/#logo"}},{"@type":"WebSite","@id":"https:\/\/www.agenciasantafe.com.br\/blog\/#website","url":"https:\/\/www.agenciasantafe.com.br\/blog\/","name":"Ag\u00eancia de Marketing Digital - Santa F\u00e9\/FALOMI","description":"Este \u00e9 o lugar certo para voc\u00ea que gosta e procura informa\u00e7\u00f5es de marketing digital e vendas.","publisher":{"@id":"https:\/\/www.agenciasantafe.com.br\/blog\/#organization"},"potentialAction":[{"@type":"SearchAction","target":{"@type":"EntryPoint","urlTemplate":"https:\/\/www.agenciasantafe.com.br\/blog\/?s={search_term_string}"},"query-input":"required name=search_term_string"}],"inLanguage":"pt-BR"},{"@type":"ImageObject","@id":"https:\/\/www.agenciasantafe.com.br\/blog\/apoiadora-oficial-procurement-club\/#primaryimage","inLanguage":"pt-BR","url":"https:\/\/www.agenciasantafe.com.br\/blog\/wp-content\/uploads\/2019\/08\/apoio_procurement.jpg","contentUrl":"https:\/\/www.agenciasantafe.com.br\/blog\/wp-content\/uploads\/2019\/08\/apoio_procurement.jpg","width":820,"height":500,"caption":"Apoiadora Oficial"},{"@type":"WebPage","@id":"https:\/\/www.agenciasantafe.com.br\/blog\/apoiadora-oficial-procurement-club\/#webpage","url":"https:\/\/www.agenciasantafe.com.br\/blog\/apoiadora-oficial-procurement-club\/","name":"Procurement Club: Santa F\u00e9\/FALOMI apoiadora Oficial","isPartOf":{"@id":"https:\/\/www.agenciasantafe.com.br\/blog\/#website"},"primaryImageOfPage":{"@id":"https:\/\/www.agenciasantafe.com.br\/blog\/apoiadora-oficial-procurement-club\/#primaryimage"},"datePublished":"2019-08-07T11:36:13+00:00","dateModified":"2020-01-07T13:26:40+00:00","description":"Novas estrat\u00e9gias de rebranding fez da ag\u00eancia Santa F\u00e9 FALOMI apoiadora oficial do Procurement Club no 11\u00ba encontro sobre Mobilidade Corporativa.","breadcrumb":{"@id":"https:\/\/www.agenciasantafe.com.br\/blog\/apoiadora-oficial-procurement-club\/#breadcrumb"},"inLanguage":"pt-BR","potentialAction":[{"@type":"ReadAction","target":["https:\/\/www.agenciasantafe.com.br\/blog\/apoiadora-oficial-procurement-club\/"]}]},{"@type":"BreadcrumbList","@id":"https:\/\/www.agenciasantafe.com.br\/blog\/apoiadora-oficial-procurement-club\/#breadcrumb","itemListElement":[{"@type":"ListItem","position":1,"name":"In\u00edcio","item":"https:\/\/www.agenciasantafe.com.br\/blog\/"},{"@type":"ListItem","position":2,"name":"Procurement Club: Santa F\u00e9\/FALOMI apoiadora Oficial"}]},{"@type":"Article","@id":"https:\/\/www.agenciasantafe.com.br\/blog\/apoiadora-oficial-procurement-club\/#article","isPartOf":{"@id":"https:\/\/www.agenciasantafe.com.br\/blog\/apoiadora-oficial-procurement-club\/#webpage"},"author":{"@id":"https:\/\/www.agenciasantafe.com.br\/blog\/#\/schema\/person\/e0f6fc91c1c7f6d8fafaf466e64db088"},"headline":"Procurement Club: Santa F\u00e9\/FALOMI apoiadora Oficial","datePublished":"2019-08-07T11:36:13+00:00","dateModified":"2020-01-07T13:26:40+00:00","mainEntityOfPage":{"@id":"https:\/\/www.agenciasantafe.com.br\/blog\/apoiadora-oficial-procurement-club\/#webpage"},"wordCount":1509,"commentCount":0,"publisher":{"@id":"https:\/\/www.agenciasantafe.com.br\/blog\/#organization"},"image":{"@id":"https:\/\/www.agenciasantafe.com.br\/blog\/apoiadora-oficial-procurement-club\/#primaryimage"},"thumbnailUrl":"https:\/\/www.agenciasantafe.com.br\/blog\/wp-content\/uploads\/2019\/08\/apoio_procurement.jpg","articleSection":["Eventos"],"inLanguage":"pt-BR","potentialAction":[{"@type":"CommentAction","name":"Comment","target":["https:\/\/www.agenciasantafe.com.br\/blog\/apoiadora-oficial-procurement-club\/#respond"]}]},{"@type":"Person","@id":"https:\/\/www.agenciasantafe.com.br\/blog\/#\/schema\/person\/e0f6fc91c1c7f6d8fafaf466e64db088","name":"Redatores Santa F\u00e9\/FALOMI","image":{"@type":"ImageObject","@id":"https:\/\/www.agenciasantafe.com.br\/blog\/#personlogo","inLanguage":"pt-BR","url":"https:\/\/secure.gravatar.com\/avatar\/81c0d899ce6c933b5787fd56a5aab7bc?s=96&d=mm&r=g","contentUrl":"https:\/\/secure.gravatar.com\/avatar\/81c0d899ce6c933b5787fd56a5aab7bc?s=96&d=mm&r=g","caption":"Redatores Santa F\u00e9\/FALOMI"},"url":"https:\/\/www.agenciasantafe.com.br\/blog\/author\/santafe\/"}]}},"_links":{"self":[{"href":"https:\/\/www.agenciasantafe.com.br\/blog\/wp-json\/wp\/v2\/posts\/696"}],"collection":[{"href":"https:\/\/www.agenciasantafe.com.br\/blog\/wp-json\/wp\/v2\/posts"}],"about":[{"href":"https:\/\/www.agenciasantafe.com.br\/blog\/wp-json\/wp\/v2\/types\/post"}],"author":[{"embeddable":true,"href":"https:\/\/www.agenciasantafe.com.br\/blog\/wp-json\/wp\/v2\/users\/1"}],"replies":[{"embeddable":true,"href":"https:\/\/www.agenciasantafe.com.br\/blog\/wp-json\/wp\/v2\/comments?post=696"}],"version-history":[{"count":38,"href":"https:\/\/www.agenciasantafe.com.br\/blog\/wp-json\/wp\/v2\/posts\/696\/revisions"}],"predecessor-version":[{"id":1209,"href":"https:\/\/www.agenciasantafe.com.br\/blog\/wp-json\/wp\/v2\/posts\/696\/revisions\/1209"}],"wp:featuredmedia":[{"embeddable":true,"href":"https:\/\/www.agenciasantafe.com.br\/blog\/wp-json\/wp\/v2\/media\/697"}],"wp:attachment":[{"href":"https:\/\/www.agenciasantafe.com.br\/blog\/wp-json\/wp\/v2\/media?parent=696"}],"wp:term":[{"taxonomy":"category","embeddable":true,"href":"https:\/\/www.agenciasantafe.com.br\/blog\/wp-json\/wp\/v2\/categories?post=696"},{"taxonomy":"post_tag","embeddable":true,"href":"https:\/\/www.agenciasantafe.com.br\/blog\/wp-json\/wp\/v2\/tags?post=696"}],"curies":[{"name":"wp","href":"https:\/\/api.w.org\/{rel}","templated":true}]}}