{"id":818,"date":"2019-10-08T07:34:03","date_gmt":"2019-10-08T10:34:03","guid":{"rendered":"https:\/\/www.agenciasantafe.com.br\/blog\/?p=818"},"modified":"2021-07-28T12:57:27","modified_gmt":"2021-07-28T15:57:27","slug":"geracao-z","status":"publish","type":"post","link":"https:\/\/www.agenciasantafe.com.br\/blog\/geracao-z\/","title":{"rendered":"Gera\u00e7\u00e3o Z &#8211; Como se destacar para conquistar a aten\u00e7\u00e3o da GenZ"},"content":{"rendered":"<!--[if lt IE 9]><script>document.createElement('audio');<\/script><![endif]-->\n<audio class=\"wp-audio-shortcode\" id=\"audio-818-1\" preload=\"none\" style=\"width: 100%;\" controls=\"controls\"><source type=\"audio\/mpeg\" src=\"https:\/\/www.agenciasantafe.com.br\/blog\/wp-content\/uploads\/2019\/10\/Gerazao-z-.mp3?_=1\" \/><a href=\"https:\/\/www.agenciasantafe.com.br\/blog\/wp-content\/uploads\/2019\/10\/Gerazao-z-.mp3\">https:\/\/www.agenciasantafe.com.br\/blog\/wp-content\/uploads\/2019\/10\/Gerazao-z-.mp3<\/a><\/audio>\n<p><span style=\"font-weight: 400;\">Entender h\u00e1bitos de consumo e outras caracter\u00edsticas de diferentes gera\u00e7\u00f5es \u00e9 relevante para o marketing e para os recursos humanos.\u00a0<\/span><\/p>\n<p><span style=\"font-weight: 400;\">Dentro da <\/span><b>comunica\u00e7\u00e3o digital<\/b><span style=\"font-weight: 400;\">, a gera\u00e7\u00e3o Baby Boomers \u00e9 como chamamos os usu\u00e1rios de internet que j\u00e1 passaram dos 60. J\u00e1 quem nasceu em meados da d\u00e9cada de 60, mais precisamente a partir de 1965, s\u00e3o virtualmente conhecidos por gera\u00e7\u00e3o X.\u00a0<\/span><\/p>\n<p><span style=\"font-weight: 400;\">A <\/span><b>gera\u00e7\u00e3o Y<\/b><span style=\"font-weight: 400;\">, tamb\u00e9m chamada de millennials, s\u00e3o as figuras nascidas a partir de 1980. Quem chegou ao mundo a partir de 2001, <\/span><b>Gera\u00e7\u00e3o Z<\/b><span style=\"font-weight: 400;\"> ou a partir de 2010, <\/span><b>Gera\u00e7\u00e3o Alpha<\/b><span style=\"font-weight: 400;\">, podem ser chamados de filhos do s\u00e9culo XXI.\u00a0<\/span><\/p>\n<p><span style=\"font-weight: 400;\">Muita gente n\u00e3o entende a necessidade dessa separa\u00e7\u00e3o. Mas, para o mercado, dividir as gera\u00e7\u00f5es dessa maneira contribui para o entendimento do perfil comportamental na hora de <\/span><b>direcionar a comunica\u00e7\u00e3o<\/b><span style=\"font-weight: 400;\">. Por\u00e9m, a idade nem sempre \u00e9 fator determinante. Contudo, \u00e9 uma segmenta\u00e7\u00e3o que contribui em muitos aspectos.<\/span><\/p>\n<p><span style=\"font-weight: 400;\">Por exemplo, grande <\/span><b>parte da gera\u00e7\u00e3o Z almeja profiss\u00f5es que ainda n\u00e3o existem do ponto de vista da regulamenta\u00e7\u00e3o. <\/b><span style=\"font-weight: 400;\">H\u00e1 ainda a curiosidade da gera\u00e7\u00e3o Alpha que, apesar de muito nova para pensar em \u201cmercado de trabalho\u201d, j\u00e1 tem sido observada como influenciadores em decis\u00f5es de compras.<\/span><\/p>\n<p><span style=\"font-weight: 400;\">Os desafios dos Baby Boomers, X e Millennials t\u00eam sido, por exemplo, pensar a constru\u00e7\u00e3o de um pr\u00e9dio, para uma atividade que ainda n\u00e3o existe ou uma infraestrutura que atenda a inova\u00e7\u00f5es futuristas. Precisa ter tomadas nas garagens para carros el\u00e9tricos? Ou ainda, quantas tomadas ser\u00e3o necess\u00e1rias em uma sala? Considerando que os equipamentos possuem cada vez mais conex\u00e3o sem fio&#8230;\u00a0\u00a0<\/span><\/p>\n<p><img loading=\"lazy\" class=\"aligncenter wp-image-836 size-full\" src=\"https:\/\/www.agenciasantafe.com.br\/blog\/wp-content\/uploads\/2019\/09\/IMG_8647-e1569504327724.jpg\" alt=\"gera\u00e7\u00e3o z\" width=\"3744\" height=\"1739\" srcset=\"https:\/\/www.agenciasantafe.com.br\/blog\/wp-content\/uploads\/2019\/09\/IMG_8647-e1569504327724.jpg 3744w, https:\/\/www.agenciasantafe.com.br\/blog\/wp-content\/uploads\/2019\/09\/IMG_8647-e1569504327724-300x139.jpg 300w, https:\/\/www.agenciasantafe.com.br\/blog\/wp-content\/uploads\/2019\/09\/IMG_8647-e1569504327724-768x357.jpg 768w, https:\/\/www.agenciasantafe.com.br\/blog\/wp-content\/uploads\/2019\/09\/IMG_8647-e1569504327724-1024x476.jpg 1024w\" sizes=\"(max-width: 3744px) 100vw, 3744px\" \/><\/p>\n<h2><b>Como as gera\u00e7\u00f5es se comunicam<\/b><\/h2>\n<p><span style=\"font-weight: 400;\">Apesar de toda essa intera\u00e7\u00e3o virtual, <\/span><b>a GenZ est\u00e1 bem conectada com as quest\u00f5es sociais e ambientais.<\/b><span style=\"font-weight: 400;\"> Ou seja, apesar da vida digital, est\u00e3o ligados \u00e0s quest\u00f5es humanas.<\/span><\/p>\n<p><span style=\"font-weight: 400;\">Em uma pesquisa realizada pelo <\/span><b>Google Consumer Survey,<\/b><span style=\"font-weight: 400;\"> 85% dos participantes, homens e mulheres, com idade entre 18 e 25 anos, demonstraram predisposi\u00e7\u00e3o quanto a causas ambientais, em prol da diversidade, de combate ao racismo, em <\/span><b>defesa do feminismo e da desconstru\u00e7\u00e3o de estere\u00f3tipos.\u00a0<\/b><\/p>\n<p><span style=\"font-weight: 400;\">A gera\u00e7\u00e3o Alpha, apesar de muito jovem, tamb\u00e9m tem influenciado o mercado pela busca de maior representatividade de consumo. Claro que nesse caso existe a influ\u00eancia dos pais e m\u00e3es, millennials. Mas, quando uma crian\u00e7a com defici\u00eancia f\u00edsica, pergunta para a m\u00e3e porque naquela loja n\u00e3o tem uma boneca ou um boneco como ela, ela est\u00e1 usando o seu protagonismo para buscar a representatividade. Isso pode sim partir da crian\u00e7a naturalmente sem que haja influ\u00eancia.\u00a0<\/span><\/p>\n<h4><span style=\"font-weight: 400;\">Quando paramos para pensar sobre as particularidades das gera\u00e7\u00f5es, de como enxergam o mundo e o que esperam dele, os pesquisadores de mercado devem se questionar:<\/span><\/h4>\n<ul>\n<li style=\"font-weight: 400;\" aria-level=\"1\"><span style=\"font-weight: 400;\">Qual a linguagem?<\/span><\/li>\n<li style=\"font-weight: 400;\" aria-level=\"1\"><span style=\"font-weight: 400;\">O que de fato os diverte?\u00a0<\/span><\/li>\n<li style=\"font-weight: 400;\" aria-level=\"1\"><span style=\"font-weight: 400;\">Como esses jovens se comunicam?\u00a0\u00a0<\/span><\/li>\n<li style=\"font-weight: 400;\" aria-level=\"1\"><b>O que influencia sua tomada de decis\u00e3o?<\/b><span style=\"font-weight: 400;\">\u00a0<\/span><\/li>\n<li style=\"font-weight: 400;\" aria-level=\"1\"><span style=\"font-weight: 400;\">Quais s\u00e3o suas perspectivas de trabalho e de futuro?\u00a0<\/span><\/li>\n<li style=\"font-weight: 400;\" aria-level=\"1\"><span style=\"font-weight: 400;\">Como se relacionar com eles com \u00e9tica, respeitando os limites legais?\u00a0<\/span><\/li>\n<li style=\"font-weight: 400;\" aria-level=\"1\"><span style=\"font-weight: 400;\">De que maneira o marketing e a publicidade v\u00e3o conseguir atingi-los, tamanha <\/span><b>autenticidade<\/b><span style=\"font-weight: 400;\"> que essa gera\u00e7\u00e3o demonstra?\u00a0<\/span><\/li>\n<li style=\"font-weight: 400;\" aria-level=\"1\"><b>O que fazer para se destacar no meio digital<\/b><span style=\"font-weight: 400;\">?\u00a0<\/span><\/li>\n<\/ul>\n<p><span style=\"font-weight: 400;\">O Universo digital tem se tornado cada vez mais predominante na rela\u00e7\u00e3o entre as gera\u00e7\u00f5es. Apesar dos encontros pessoalmente, uma grande parte dos mais jovens da GenZ tem um grupo de amigos que s\u00e3o exclusivamente virtuais. Ou seja, grupos em chat de jogos, por exemplo, em que as pessoas ali nunca se viram pessoalmente; mas se consideram amigos.<\/span><\/p>\n<p><span style=\"font-weight: 400;\">Sem contar a rela\u00e7\u00e3o de compra, pesquisas, troca de informa\u00e7\u00e3o. Tudo online. Para os grupos que se encontram pessoalmente, antes de sair, certamente algu\u00e9m do grupo j\u00e1 pesquisou na internet onde ir e compartilhou suas impress\u00f5es com o grupo. Ah! E claro, por meio de Apps como whatsapp ou telegram.<\/span><\/p>\n<p><img loading=\"lazy\" class=\"aligncenter wp-image-825 size-full\" src=\"https:\/\/www.agenciasantafe.com.br\/blog\/wp-content\/uploads\/2019\/09\/fatigued-1822678_1920-e1569333744821.jpg\" alt=\"Gera\u00e7\u00e3o Z\" width=\"1915\" height=\"936\" srcset=\"https:\/\/www.agenciasantafe.com.br\/blog\/wp-content\/uploads\/2019\/09\/fatigued-1822678_1920-e1569333744821.jpg 1915w, https:\/\/www.agenciasantafe.com.br\/blog\/wp-content\/uploads\/2019\/09\/fatigued-1822678_1920-e1569333744821-300x147.jpg 300w, https:\/\/www.agenciasantafe.com.br\/blog\/wp-content\/uploads\/2019\/09\/fatigued-1822678_1920-e1569333744821-768x375.jpg 768w, https:\/\/www.agenciasantafe.com.br\/blog\/wp-content\/uploads\/2019\/09\/fatigued-1822678_1920-e1569333744821-1024x501.jpg 1024w\" sizes=\"(max-width: 1915px) 100vw, 1915px\" \/><\/p>\n<h3><b>Gera\u00e7\u00e3o Z &#8211; Como chamar aten\u00e7\u00e3o e destacar nas redes\u00a0<\/b><\/h3>\n<p><span style=\"font-weight: 400;\">O tempo que se passa em frente \u00e0s telas hoje \u00e9 quase imensur\u00e1vel. Seja trabalhando, se divertindo com jogos ou assistindo v\u00eddeos e s\u00e9ries.\u00a0<\/span><\/p>\n<p><span style=\"font-weight: 400;\">Isso \u00e9 comum a todas as gera\u00e7\u00f5es. Smart TV, tablet, celular. Dos Baby Bommers a gera\u00e7\u00e3o Alpha, cada um no seu canal de interesse, est\u00e3o todos online. At\u00e9 mesmo em situa\u00e7\u00f5es ao ar livre, o mobile est\u00e1 sempre junto.<\/span><\/p>\n<p><span style=\"font-weight: 400;\">Para chamar aten\u00e7\u00e3o e se destacar \u00e9 preciso saber o que influencia cada gera\u00e7\u00e3o e suas tomadas de decis\u00e3o. Ou ainda, quais argumentos usam para influenciar quem tem o poder de compra.<\/span><\/p>\n<p><span style=\"font-weight: 400;\">Autenticidade \u00e9 a palavra da vez. N\u00e3o \u00e0 toa o mercado dos <\/span><a href=\"https:\/\/www.agenciasantafe.com.br\/blog\/videos-a-ferramenta-que-mais-converte\/\"><b>Youtubers<\/b><\/a><span style=\"font-weight: 400;\"> tem crescido cada vez mais. A plataforma que mais tem influ\u00eancia sobre <\/span><b>os jovens da GenZ<\/b><span style=\"font-weight: 400;\"> em 1\u00ba lugar \u00e9 o youtube e em 2\u00ba o Instagram. Mas isso \u00e9 algo que pode mudar a qualquer momento, pois a din\u00e2mica dessa galera n\u00e3o segue uma l\u00f3gica linear.<\/span><\/p>\n<p><b>As marcas n\u00e3o t\u00eam mais tanta relev\u00e2ncia como antigamente. N\u00e3o pra essa turma que preza mais pela <\/b><span style=\"font-weight: 400;\">sustentabilidade, autenticidade, perspectivas de futuro e a verdade. Se uma marca apresenta essas caracter\u00edsticas, conquista. Mas se vacilar, perde facilmente a aten\u00e7\u00e3o dessa turma que, sobretudo, se comunica em uma velocidade incr\u00edvel.\u00a0<\/span><\/p>\n<p><span style=\"font-weight: 400;\">Esse ecossistema digital faz com que um jovem que n\u00e3o goste de determinado artista ou marca, por exemplo, conhe\u00e7a sua m\u00fasica nova diante dos coment\u00e1rios feitos por um youtuber que ele segue. Ou, fique sabendo de uma a\u00e7\u00e3o interessante encabe\u00e7ada por tal marca, tamb\u00e9m em um v\u00eddeo, <\/span><b>que n\u00e3o \u00e9 um an\u00fancio, nem &#8220;merchan&#8221;&#8230;<\/b><span style=\"font-weight: 400;\"> Entendeu?<\/span><\/p>\n<p><span style=\"font-weight: 400;\">Por isso grandes corpora\u00e7\u00f5es cada vez mais usam <\/span><b>Youtubers como influencers digitais.<\/b><span style=\"font-weight: 400;\"> Sim, funciona. \u00c9 o ecossistema formando uma teia que se conecta com estrat\u00e9gia.<\/span><\/p>\n<h4><b>Perspectivas de futuro tamb\u00e9m<\/b><span style=\"font-weight: 400;\"> \u00e9 um assunto que atrai e tamb\u00e9m promove bom alcance e presen\u00e7a digital para as marcas.<\/span><\/h4>\n<p><img loading=\"lazy\" class=\"aligncenter wp-image-841 size-full\" src=\"https:\/\/www.agenciasantafe.com.br\/blog\/wp-content\/uploads\/2019\/09\/fortnite-4129124_1920-e1569505240681.jpg\" alt=\"Gera\u00e7\u00e3o Z\" width=\"1920\" height=\"1156\" srcset=\"https:\/\/www.agenciasantafe.com.br\/blog\/wp-content\/uploads\/2019\/09\/fortnite-4129124_1920-e1569505240681.jpg 1920w, https:\/\/www.agenciasantafe.com.br\/blog\/wp-content\/uploads\/2019\/09\/fortnite-4129124_1920-e1569505240681-300x181.jpg 300w, https:\/\/www.agenciasantafe.com.br\/blog\/wp-content\/uploads\/2019\/09\/fortnite-4129124_1920-e1569505240681-768x462.jpg 768w, https:\/\/www.agenciasantafe.com.br\/blog\/wp-content\/uploads\/2019\/09\/fortnite-4129124_1920-e1569505240681-1024x617.jpg 1024w\" sizes=\"(max-width: 1920px) 100vw, 1920px\" \/><\/p>\n<p><span style=\"font-weight: 400;\">Atualmente, a polariza\u00e7\u00e3o pol\u00edtica fez com que quest\u00f5es sociais e ambientais subissem no ranking de interesse dos<\/span> <a href=\"https:\/\/valor.globo.com\/carreira\/noticia\/2021\/06\/18\/as-principais-preocupacoes-dos-millennials-e-da-geracao-z-segundo-estudo.ghtml\"><span style=\"font-weight: 400;\">Millennials e da Gera\u00e7\u00e3o Z<\/span><\/a><span style=\"font-weight: 400;\">.\u00a0<\/span><\/p>\n<p><span style=\"font-weight: 400;\">Nem s\u00f3 de games e tecnologia gira o interesse dos jovens da gera\u00e7\u00e3o Z. N\u00e3o \u00e0 toa nomes como Greta Thunberg, Emma Gonz\u00e1lez e Malala Yousafzai s\u00e3o bem conhecidos entre a turma dos 16 aos 24 anos.\u00a0<\/span><\/p>\n<p><span style=\"font-weight: 400;\">Ent\u00e3o, por exemplo, quem pretende fazer um <\/span><b>evento<\/b><span style=\"font-weight: 400;\"> para atingir esse p\u00fablico, deve tentar unir tem\u00e1ticas como a\u00e7\u00e3o social do evento, sustentabilidade e tecnologia. Com essas tr\u00eas, certamente o primeiro clique da gera\u00e7\u00e3o Z, para saber mais sobre o evento, est\u00e1 garantido.\u00a0<\/span><\/p>\n<p><span style=\"font-weight: 400;\">\u00c9 importante ressaltar que essa gera\u00e7\u00e3o tem sido protagonista de suas hist\u00f3rias. E, com muita criatividade, desenvolvem <\/span><b>mecanismos pr\u00f3prios de momentos &#8216;fun&#8217;. <\/b><span style=\"font-weight: 400;\">Gostam de assuntos relacionados \u00e0 educa\u00e7\u00e3o e cultura, e adoram quebrar tabus. Afinal a desconstru\u00e7\u00e3o est\u00e1 intr\u00ednseca desde que nasceram.<\/span><\/p>\n<p><img loading=\"lazy\" class=\"aligncenter wp-image-838 size-full\" src=\"https:\/\/www.agenciasantafe.com.br\/blog\/wp-content\/uploads\/2019\/09\/freedom-2768515_1920-e1569504565118.jpg\" alt=\"gera\u00e7\u00e3o z\" width=\"1915\" height=\"1185\" srcset=\"https:\/\/www.agenciasantafe.com.br\/blog\/wp-content\/uploads\/2019\/09\/freedom-2768515_1920-e1569504565118.jpg 1915w, https:\/\/www.agenciasantafe.com.br\/blog\/wp-content\/uploads\/2019\/09\/freedom-2768515_1920-e1569504565118-300x186.jpg 300w, https:\/\/www.agenciasantafe.com.br\/blog\/wp-content\/uploads\/2019\/09\/freedom-2768515_1920-e1569504565118-768x475.jpg 768w, https:\/\/www.agenciasantafe.com.br\/blog\/wp-content\/uploads\/2019\/09\/freedom-2768515_1920-e1569504565118-1024x634.jpg 1024w\" sizes=\"(max-width: 1915px) 100vw, 1915px\" \/><\/p>\n<h2><b>Perspectivas de trabalho e futuro<\/b><\/h2>\n<p><span style=\"font-weight: 400;\">Os jovens da Gera\u00e7\u00e3o Z, em especial os que est\u00e3o <\/span><b>na faixa de idade entre 18 e 25 anos<\/b><span style=\"font-weight: 400;\"> tamb\u00e9m est\u00e3o engajados com as quest\u00f5es pol\u00edticas, econ\u00f4micas e sociais.\u00a0<\/span><\/p>\n<p><span style=\"font-weight: 400;\">Esse envolvimento se d\u00e1 pelo fato de terem crescido em meio a uma crise global que envolve economia e quest\u00f5es ambientais. Crise essa que tem se acentuado com o passar do tempo refletindo diretamente na vida e proje\u00e7\u00f5es futuras. Em outras palavras, foi uma turma que ouviu muito o termo <\/span><b>&#8220;crise econ\u00f4mica global&#8221;<\/b><span style=\"font-weight: 400;\"> e resolveu se inteirar do que significava.<\/span><\/p>\n<p><span style=\"font-weight: 400;\">Por serem da mesma gera\u00e7\u00e3o dos mais jovens (menores de 18 anos), no contexto de subdivis\u00f5es apresentados aqui, influenciam e <\/span><b>tornam movimentos coletivos cada vez mais fortes.<\/b><\/p>\n<p><span style=\"font-weight: 400;\">Essa galera tem demonstrado grande conhecimento e preocupa\u00e7\u00e3o com o <\/span><b>futuro do trabalho<\/b><span style=\"font-weight: 400;\"> e com isso est\u00e3o buscando novos modelos, que garantam direitos, mas que tamb\u00e9m lhe permitam liberdade. Por isso, muitas das perspectivas s\u00e3o por trabalhos que ainda n\u00e3o se encaixam nas expectativas.<\/span><\/p>\n<p><span style=\"font-weight: 400;\">A inseguran\u00e7a em n\u00e3o ter emprego ou prop\u00f3sito, leva essa gera\u00e7\u00e3o ao pensamento coletivo. Uma das grandes preocupa\u00e7\u00f5es identificadas na pesquisa do <\/span><b>Google Consumer Survey <\/b><span style=\"font-weight: 400;\">\u00e9 quanto \u00e0 solid\u00e3o e ligada a quest\u00f5es ambientais.<\/span><\/p>\n<p><span style=\"font-weight: 400;\">Ter um neg\u00f3cio pr\u00f3prio ou estar ligado a alguma atividade coletiva se destaca entre o <\/span><b>conceito de sucesso da GenZ.<\/b><span style=\"font-weight: 400;\">\u00a0<\/span><\/p>\n<ul>\n<li style=\"font-weight: 400;\" aria-level=\"1\"><span style=\"font-weight: 400;\">Para pouco mais de 6% dos entrevistados considera ter <\/span><b>f\u00e9rias permanentes<\/b><span style=\"font-weight: 400;\"> como sinal de sucesso.\u00a0<\/span><\/li>\n<li style=\"font-weight: 400;\" aria-level=\"1\"><span style=\"font-weight: 400;\">Entre 13% e 15% considera que <\/span><b>viajar com frequ\u00eancia<\/b><span style=\"font-weight: 400;\">, ter um cargo importante e ter dinheiro, s\u00e3o fatores de realiza\u00e7\u00e3o pessoal.\u00a0<\/span><\/li>\n<\/ul>\n<p><span style=\"font-weight: 400;\">Ter um neg\u00f3cio pr\u00f3prio lidera a vis\u00e3o de futuro com 33%, enquanto 19% pretende trabalhar com <\/span><b>causas sociais ou ecol\u00f3gicas.<\/b><\/p>\n<p><img loading=\"lazy\" class=\"aligncenter wp-image-839 size-full\" src=\"https:\/\/www.agenciasantafe.com.br\/blog\/wp-content\/uploads\/2019\/09\/ipad-820272_1920.jpg\" alt=\"gera\u00e7\u00e3o z\" width=\"1920\" height=\"1280\" srcset=\"https:\/\/www.agenciasantafe.com.br\/blog\/wp-content\/uploads\/2019\/09\/ipad-820272_1920.jpg 1920w, https:\/\/www.agenciasantafe.com.br\/blog\/wp-content\/uploads\/2019\/09\/ipad-820272_1920-300x200.jpg 300w, https:\/\/www.agenciasantafe.com.br\/blog\/wp-content\/uploads\/2019\/09\/ipad-820272_1920-768x512.jpg 768w, https:\/\/www.agenciasantafe.com.br\/blog\/wp-content\/uploads\/2019\/09\/ipad-820272_1920-1024x683.jpg 1024w\" sizes=\"(max-width: 1920px) 100vw, 1920px\" \/><\/p>\n<h3><b>Relacionamento digital &#8211; como nutrir um lead da Gera\u00e7\u00e3o Z<\/b><\/h3>\n<p><span style=\"font-weight: 400;\">Para que o marketing e a publicidade consigam atingir essa gera\u00e7\u00e3o e <\/span><b>se destacar no universo digital,<\/b><span style=\"font-weight: 400;\"> estabelecendo uma rela\u00e7\u00e3o com esses jovens, as dicas s\u00e3o:<\/span><\/p>\n<ul>\n<li style=\"font-weight: 400;\" aria-level=\"1\"><span style=\"font-weight: 400;\">Marketing de Inclus\u00e3o<\/span><\/li>\n<li style=\"font-weight: 400;\" aria-level=\"1\"><span style=\"font-weight: 400;\">Atuar com Valores Humanos<\/span><\/li>\n<li style=\"font-weight: 400;\" aria-level=\"1\"><span style=\"font-weight: 400;\">Comunicar com Autenticidade<\/span><\/li>\n<li style=\"font-weight: 400;\" aria-level=\"1\"><span style=\"font-weight: 400;\">Trabalhar Apenas com a Verdade<\/span><\/li>\n<li style=\"font-weight: 400;\" aria-level=\"1\"><span style=\"font-weight: 400;\">Se Posicionar em Causas Coletivas<\/span><\/li>\n<\/ul>\n<p><span style=\"font-weight: 400;\">Cada vez mais essa turma est\u00e1 engajada com o que \u00e9 coletivo. Para eles o que importa s\u00e3o marcas que estejam preocupadas com o <\/span><b>futuro deles.<\/b><span style=\"font-weight: 400;\"> E que, para al\u00e9m da preocupa\u00e7\u00e3o, estejam fazendo alguma coisa de fato.<\/span><\/p>\n<p><span style=\"font-weight: 400;\">Com isso \u00e9 poss\u00edvel perceber que os jovens buscam <\/span><b>marcas que se posicionam politicamente<\/b><span style=\"font-weight: 400;\"> quanto a <\/span><b>causas<\/b><span style=\"font-weight: 400;\"> e pol\u00edticas p\u00fablicas. <\/span><b>O que \u00e9 completamente diferente<\/b><span style=\"font-weight: 400;\"> de achar que est\u00e3o querendo um posicionamento quanto a pol\u00edticos e partidos. \u00c9 preciso separar as coisas para que fiquem claras.\u00a0<\/span><\/p>\n<h3><b>Algumas causas que mais geram o envolvimento da Gen Z s\u00e3o:\u00a0<\/b><\/h3>\n<ul>\n<li style=\"font-weight: 400;\" aria-level=\"1\"><span style=\"font-weight: 400;\">Valoriza\u00e7\u00e3o da pluralidade do conceito de Fam\u00edlia<\/span><\/li>\n<li style=\"font-weight: 400;\" aria-level=\"1\"><span style=\"font-weight: 400;\">Respeito \u00e0 Diversidade humana<\/span><\/li>\n<li style=\"font-weight: 400;\" aria-level=\"1\"><span style=\"font-weight: 400;\">Preserva\u00e7\u00e3o e recupera\u00e7\u00e3o do Meio Ambiente<\/span><\/li>\n<li style=\"font-weight: 400;\" aria-level=\"1\"><span style=\"font-weight: 400;\">Direitos sociais e Apoio a Cultura<\/span><\/li>\n<li style=\"font-weight: 400;\" aria-level=\"1\"><span style=\"font-weight: 400;\">Agrofloresta, alimenta\u00e7\u00e3o saud\u00e1vel e Sa\u00fade Mental<\/span><\/li>\n<\/ul>\n<p><span style=\"font-weight: 400;\">Para o mercado de tecnologia e games \u00e9 f\u00e1cil atrair a aten\u00e7\u00e3o dessa gera\u00e7\u00e3o pois \u00e9 um assunto que j\u00e1 os interessa. Mas, se seu neg\u00f3cio n\u00e3o est\u00e1 ligado a isso, <\/span><b>falar sobre esses outros assuntos vai chamar a aten\u00e7\u00e3o<\/b><span style=\"font-weight: 400;\"> desses jovens. Desde que seja feito de forma honesta e verdadeira. Afinal, assim se faz um relacionamento real!\u00a0<\/span><\/p>\n<p><span style=\"font-weight: 400;\">Para conseguir a aten\u00e7\u00e3o dessa turma, <\/span><b>se conecte com o que importa para eles e conquiste aliados!<\/b><\/p>\n<p><span style=\"font-weight: 400;\">A GenZ s\u00e3o jovens adultos com personalidade forte. Que se identificam com marcas que compartilham dos mesmos <\/span><b>valores<\/b><span style=\"font-weight: 400;\"> que o deles.<\/span><\/p>\n<p><span style=\"font-weight: 400;\">Ah! E, n\u00e3o tente ludibri\u00e1-los. Certamente o estrago que eles podem fazer com a sua marca no <\/span><b>ecossistema digital<\/b><span style=\"font-weight: 400;\"> \u00e9 sem precedentes. Viraliza!<\/span><\/p>\n<p><span style=\"font-weight: 400;\">No nosso time, Millennials e GenZ trabalham juntos para levar cada vez mais inova\u00e7\u00e3o, informa\u00e7\u00e3o e resultado para os nossos clientes; que v\u00e3o desde os Baby Boomers a Gera\u00e7\u00e3o Alpha que quer come\u00e7ar um canal no Youtube. Se voc\u00ea tem um projeto, conte com a Santa F\u00e9\/FALOMI para te ajudar a divulg\u00e1-lo.<\/span><\/p>\n<p><a href=\"https:\/\/materiais.agenciasantafe.com.br\/infografico-maturidade-do-marketing-digital-e-vendas-no-brasil\" target=\"_blank\" rel=\"noopener\"><img loading=\"lazy\" class=\"alignnone size-full wp-image-2572\" src=\"https:\/\/www.agenciasantafe.com.br\/blog\/wp-content\/uploads\/2020\/09\/campanha-midia-paga-infografico-970-X-90-1.png\" alt=\"\" width=\"970\" height=\"90\" srcset=\"https:\/\/www.agenciasantafe.com.br\/blog\/wp-content\/uploads\/2020\/09\/campanha-midia-paga-infografico-970-X-90-1.png 970w, https:\/\/www.agenciasantafe.com.br\/blog\/wp-content\/uploads\/2020\/09\/campanha-midia-paga-infografico-970-X-90-1-300x28.png 300w, https:\/\/www.agenciasantafe.com.br\/blog\/wp-content\/uploads\/2020\/09\/campanha-midia-paga-infografico-970-X-90-1-768x71.png 768w\" sizes=\"(max-width: 970px) 100vw, 970px\" \/><\/a><\/p>\n","protected":false},"excerpt":{"rendered":"<p>Entender h\u00e1bitos de consumo e outras caracter\u00edsticas de diferentes gera\u00e7\u00f5es \u00e9 relevante para o marketing e para os recursos humanos.\u00a0 Dentro da comunica\u00e7\u00e3o digital, a gera\u00e7\u00e3o Baby Boomers \u00e9 como chamamos os usu\u00e1rios de internet que j\u00e1 passaram dos 60. J\u00e1 quem nasceu em meados da d\u00e9cada de 60, mais precisamente a partir de 1965,&#8230;<\/p>\n","protected":false},"author":1,"featured_media":872,"comment_status":"open","ping_status":"open","sticky":false,"template":"","format":"standard","meta":[],"categories":[23,4],"tags":[127,125,129,124,126,123,128],"yoast_head":"<!-- This site is optimized with the Yoast SEO plugin v16.8 - https:\/\/yoast.com\/wordpress\/plugins\/seo\/ -->\n<title>Gera\u00e7\u00e3o Z - Como se destacar para conquistar a aten\u00e7\u00e3o da GenZ<\/title>\n<meta name=\"description\" content=\"Saiba como as gera\u00e7\u00f5es s\u00e3o denominadas no marketing digital e quais atributos a gera\u00e7\u00e3o Z procura em uma marca que atrai a aten\u00e7\u00e3o dessa turma\" \/>\n<meta name=\"robots\" content=\"index, follow, max-snippet:-1, max-image-preview:large, max-video-preview:-1\" \/>\n<link rel=\"canonical\" href=\"https:\/\/www.agenciasantafe.com.br\/blog\/geracao-z\/\" \/>\n<meta property=\"og:locale\" content=\"pt_BR\" \/>\n<meta property=\"og:type\" content=\"article\" \/>\n<meta property=\"og:title\" content=\"Gera\u00e7\u00e3o Z - Como se destacar para conquistar a aten\u00e7\u00e3o da GenZ\" \/>\n<meta property=\"og:description\" content=\"Saiba como as gera\u00e7\u00f5es s\u00e3o denominadas no marketing digital e quais atributos a gera\u00e7\u00e3o Z procura em uma marca que atrai a aten\u00e7\u00e3o dessa turma\" \/>\n<meta property=\"og:url\" content=\"https:\/\/www.agenciasantafe.com.br\/blog\/geracao-z\/\" \/>\n<meta property=\"og:site_name\" content=\"Ag\u00eancia de Marketing Digital - Santa F\u00e9\/FALOMI\" \/>\n<meta property=\"article:publisher\" content=\"https:\/\/www.facebook.com\/agenciasantafe\" \/>\n<meta property=\"article:published_time\" content=\"2019-10-08T10:34:03+00:00\" \/>\n<meta property=\"article:modified_time\" content=\"2021-07-28T15:57:27+00:00\" \/>\n<meta property=\"og:image\" content=\"https:\/\/www.agenciasantafe.com.br\/blog\/wp-content\/uploads\/2019\/10\/geracao_z.png\" \/>\n\t<meta property=\"og:image:width\" content=\"732\" \/>\n\t<meta property=\"og:image:height\" content=\"380\" \/>\n<meta name=\"twitter:card\" content=\"summary_large_image\" \/>\n<meta name=\"twitter:creator\" content=\"@agenciasantafe\" \/>\n<meta name=\"twitter:site\" content=\"@agenciasantafe\" \/>\n<meta name=\"twitter:label1\" content=\"Escrito por\" \/>\n\t<meta name=\"twitter:data1\" content=\"Redatores Santa F\u00e9\/FALOMI\" \/>\n\t<meta name=\"twitter:label2\" content=\"Est. tempo de leitura\" \/>\n\t<meta name=\"twitter:data2\" content=\"9 minutos\" \/>\n<script type=\"application\/ld+json\" class=\"yoast-schema-graph\">{\"@context\":\"https:\/\/schema.org\",\"@graph\":[{\"@type\":\"Organization\",\"@id\":\"https:\/\/www.agenciasantafe.com.br\/blog\/#organization\",\"name\":\"Santa F\\u00e9\/FALOMI\",\"url\":\"https:\/\/www.agenciasantafe.com.br\/blog\/\",\"sameAs\":[\"https:\/\/www.facebook.com\/agenciasantafe\",\"https:\/\/www.instagram.com\/santafefalomi\/\",\"https:\/\/www.linkedin.com\/company\/12077714\",\"https:\/\/twitter.com\/agenciasantafe\"],\"logo\":{\"@type\":\"ImageObject\",\"@id\":\"https:\/\/www.agenciasantafe.com.br\/blog\/#logo\",\"inLanguage\":\"pt-BR\",\"url\":\"https:\/\/www.agenciasantafe.com.br\/blog\/wp-content\/uploads\/2017\/11\/logo.jpg\",\"contentUrl\":\"https:\/\/www.agenciasantafe.com.br\/blog\/wp-content\/uploads\/2017\/11\/logo.jpg\",\"width\":150,\"height\":86,\"caption\":\"Santa F\\u00e9\/FALOMI\"},\"image\":{\"@id\":\"https:\/\/www.agenciasantafe.com.br\/blog\/#logo\"}},{\"@type\":\"WebSite\",\"@id\":\"https:\/\/www.agenciasantafe.com.br\/blog\/#website\",\"url\":\"https:\/\/www.agenciasantafe.com.br\/blog\/\",\"name\":\"Ag\\u00eancia de Marketing Digital - Santa F\\u00e9\/FALOMI\",\"description\":\"Este \\u00e9 o lugar certo para voc\\u00ea que gosta e procura informa\\u00e7\\u00f5es de marketing digital e vendas.\",\"publisher\":{\"@id\":\"https:\/\/www.agenciasantafe.com.br\/blog\/#organization\"},\"potentialAction\":[{\"@type\":\"SearchAction\",\"target\":{\"@type\":\"EntryPoint\",\"urlTemplate\":\"https:\/\/www.agenciasantafe.com.br\/blog\/?s={search_term_string}\"},\"query-input\":\"required name=search_term_string\"}],\"inLanguage\":\"pt-BR\"},{\"@type\":\"ImageObject\",\"@id\":\"https:\/\/www.agenciasantafe.com.br\/blog\/geracao-z\/#primaryimage\",\"inLanguage\":\"pt-BR\",\"url\":\"https:\/\/www.agenciasantafe.com.br\/blog\/wp-content\/uploads\/2019\/10\/geracao_z.png\",\"contentUrl\":\"https:\/\/www.agenciasantafe.com.br\/blog\/wp-content\/uploads\/2019\/10\/geracao_z.png\",\"width\":732,\"height\":380,\"caption\":\"Gera\\u00e7\\u00e3o Z\"},{\"@type\":\"WebPage\",\"@id\":\"https:\/\/www.agenciasantafe.com.br\/blog\/geracao-z\/#webpage\",\"url\":\"https:\/\/www.agenciasantafe.com.br\/blog\/geracao-z\/\",\"name\":\"Gera\\u00e7\\u00e3o Z - Como se destacar para conquistar a aten\\u00e7\\u00e3o da GenZ\",\"isPartOf\":{\"@id\":\"https:\/\/www.agenciasantafe.com.br\/blog\/#website\"},\"primaryImageOfPage\":{\"@id\":\"https:\/\/www.agenciasantafe.com.br\/blog\/geracao-z\/#primaryimage\"},\"datePublished\":\"2019-10-08T10:34:03+00:00\",\"dateModified\":\"2021-07-28T15:57:27+00:00\",\"description\":\"Saiba como as gera\\u00e7\\u00f5es s\\u00e3o denominadas no marketing digital e quais atributos a gera\\u00e7\\u00e3o Z procura em uma marca que atrai a aten\\u00e7\\u00e3o dessa turma\",\"breadcrumb\":{\"@id\":\"https:\/\/www.agenciasantafe.com.br\/blog\/geracao-z\/#breadcrumb\"},\"inLanguage\":\"pt-BR\",\"potentialAction\":[{\"@type\":\"ReadAction\",\"target\":[\"https:\/\/www.agenciasantafe.com.br\/blog\/geracao-z\/\"]}]},{\"@type\":\"BreadcrumbList\",\"@id\":\"https:\/\/www.agenciasantafe.com.br\/blog\/geracao-z\/#breadcrumb\",\"itemListElement\":[{\"@type\":\"ListItem\",\"position\":1,\"name\":\"In\\u00edcio\",\"item\":\"https:\/\/www.agenciasantafe.com.br\/blog\/\"},{\"@type\":\"ListItem\",\"position\":2,\"name\":\"Gera\\u00e7\\u00e3o Z &#8211; Como se destacar para conquistar a aten\\u00e7\\u00e3o da GenZ\"}]},{\"@type\":\"Article\",\"@id\":\"https:\/\/www.agenciasantafe.com.br\/blog\/geracao-z\/#article\",\"isPartOf\":{\"@id\":\"https:\/\/www.agenciasantafe.com.br\/blog\/geracao-z\/#webpage\"},\"author\":{\"@id\":\"https:\/\/www.agenciasantafe.com.br\/blog\/#\/schema\/person\/e0f6fc91c1c7f6d8fafaf466e64db088\"},\"headline\":\"Gera\\u00e7\\u00e3o Z &#8211; Como se destacar para conquistar a aten\\u00e7\\u00e3o da GenZ\",\"datePublished\":\"2019-10-08T10:34:03+00:00\",\"dateModified\":\"2021-07-28T15:57:27+00:00\",\"mainEntityOfPage\":{\"@id\":\"https:\/\/www.agenciasantafe.com.br\/blog\/geracao-z\/#webpage\"},\"wordCount\":1869,\"commentCount\":2,\"publisher\":{\"@id\":\"https:\/\/www.agenciasantafe.com.br\/blog\/#organization\"},\"image\":{\"@id\":\"https:\/\/www.agenciasantafe.com.br\/blog\/geracao-z\/#primaryimage\"},\"thumbnailUrl\":\"https:\/\/www.agenciasantafe.com.br\/blog\/wp-content\/uploads\/2019\/10\/geracao_z.png\",\"keywords\":[\"Baby Boomers\",\"GenZ\",\"Gera\\u00e7\\u00e3o Alpha\",\"Gera\\u00e7\\u00e3o X\",\"Gera\\u00e7\\u00e3o Y\",\"Gera\\u00e7\\u00e3o Z\",\"Millennials\"],\"articleSection\":[\"Dicas\",\"Marketing Digital\"],\"inLanguage\":\"pt-BR\",\"potentialAction\":[{\"@type\":\"CommentAction\",\"name\":\"Comment\",\"target\":[\"https:\/\/www.agenciasantafe.com.br\/blog\/geracao-z\/#respond\"]}]},{\"@type\":\"Person\",\"@id\":\"https:\/\/www.agenciasantafe.com.br\/blog\/#\/schema\/person\/e0f6fc91c1c7f6d8fafaf466e64db088\",\"name\":\"Redatores Santa F\\u00e9\/FALOMI\",\"image\":{\"@type\":\"ImageObject\",\"@id\":\"https:\/\/www.agenciasantafe.com.br\/blog\/#personlogo\",\"inLanguage\":\"pt-BR\",\"url\":\"https:\/\/secure.gravatar.com\/avatar\/81c0d899ce6c933b5787fd56a5aab7bc?s=96&d=mm&r=g\",\"contentUrl\":\"https:\/\/secure.gravatar.com\/avatar\/81c0d899ce6c933b5787fd56a5aab7bc?s=96&d=mm&r=g\",\"caption\":\"Redatores Santa F\\u00e9\/FALOMI\"},\"url\":\"https:\/\/www.agenciasantafe.com.br\/blog\/author\/santafe\/\"}]}<\/script>\n<!-- \/ Yoast SEO plugin. -->","yoast_head_json":{"title":"Gera\u00e7\u00e3o Z - Como se destacar para conquistar a aten\u00e7\u00e3o da GenZ","description":"Saiba como as gera\u00e7\u00f5es s\u00e3o denominadas no marketing digital e quais atributos a gera\u00e7\u00e3o Z procura em uma marca que atrai a aten\u00e7\u00e3o dessa turma","robots":{"index":"index","follow":"follow","max-snippet":"max-snippet:-1","max-image-preview":"max-image-preview:large","max-video-preview":"max-video-preview:-1"},"canonical":"https:\/\/www.agenciasantafe.com.br\/blog\/geracao-z\/","og_locale":"pt_BR","og_type":"article","og_title":"Gera\u00e7\u00e3o Z - Como se destacar para conquistar a aten\u00e7\u00e3o da GenZ","og_description":"Saiba como as gera\u00e7\u00f5es s\u00e3o denominadas no marketing digital e quais atributos a gera\u00e7\u00e3o Z procura em uma marca que atrai a aten\u00e7\u00e3o dessa turma","og_url":"https:\/\/www.agenciasantafe.com.br\/blog\/geracao-z\/","og_site_name":"Ag\u00eancia de Marketing Digital - Santa F\u00e9\/FALOMI","article_publisher":"https:\/\/www.facebook.com\/agenciasantafe","article_published_time":"2019-10-08T10:34:03+00:00","article_modified_time":"2021-07-28T15:57:27+00:00","og_image":[{"width":732,"height":380,"url":"https:\/\/www.agenciasantafe.com.br\/blog\/wp-content\/uploads\/2019\/10\/geracao_z.png","path":"\/home\/agenciasantafe\/www\/blog\/wp-content\/uploads\/2019\/10\/geracao_z.png","size":"full","id":872,"alt":"Gera\u00e7\u00e3o Z","pixels":278160,"type":"image\/png"}],"twitter_card":"summary_large_image","twitter_creator":"@agenciasantafe","twitter_site":"@agenciasantafe","twitter_misc":{"Escrito por":"Redatores Santa F\u00e9\/FALOMI","Est. tempo de leitura":"9 minutos"},"schema":{"@context":"https:\/\/schema.org","@graph":[{"@type":"Organization","@id":"https:\/\/www.agenciasantafe.com.br\/blog\/#organization","name":"Santa F\u00e9\/FALOMI","url":"https:\/\/www.agenciasantafe.com.br\/blog\/","sameAs":["https:\/\/www.facebook.com\/agenciasantafe","https:\/\/www.instagram.com\/santafefalomi\/","https:\/\/www.linkedin.com\/company\/12077714","https:\/\/twitter.com\/agenciasantafe"],"logo":{"@type":"ImageObject","@id":"https:\/\/www.agenciasantafe.com.br\/blog\/#logo","inLanguage":"pt-BR","url":"https:\/\/www.agenciasantafe.com.br\/blog\/wp-content\/uploads\/2017\/11\/logo.jpg","contentUrl":"https:\/\/www.agenciasantafe.com.br\/blog\/wp-content\/uploads\/2017\/11\/logo.jpg","width":150,"height":86,"caption":"Santa F\u00e9\/FALOMI"},"image":{"@id":"https:\/\/www.agenciasantafe.com.br\/blog\/#logo"}},{"@type":"WebSite","@id":"https:\/\/www.agenciasantafe.com.br\/blog\/#website","url":"https:\/\/www.agenciasantafe.com.br\/blog\/","name":"Ag\u00eancia de Marketing Digital - Santa F\u00e9\/FALOMI","description":"Este \u00e9 o lugar certo para voc\u00ea que gosta e procura informa\u00e7\u00f5es de marketing digital e vendas.","publisher":{"@id":"https:\/\/www.agenciasantafe.com.br\/blog\/#organization"},"potentialAction":[{"@type":"SearchAction","target":{"@type":"EntryPoint","urlTemplate":"https:\/\/www.agenciasantafe.com.br\/blog\/?s={search_term_string}"},"query-input":"required name=search_term_string"}],"inLanguage":"pt-BR"},{"@type":"ImageObject","@id":"https:\/\/www.agenciasantafe.com.br\/blog\/geracao-z\/#primaryimage","inLanguage":"pt-BR","url":"https:\/\/www.agenciasantafe.com.br\/blog\/wp-content\/uploads\/2019\/10\/geracao_z.png","contentUrl":"https:\/\/www.agenciasantafe.com.br\/blog\/wp-content\/uploads\/2019\/10\/geracao_z.png","width":732,"height":380,"caption":"Gera\u00e7\u00e3o Z"},{"@type":"WebPage","@id":"https:\/\/www.agenciasantafe.com.br\/blog\/geracao-z\/#webpage","url":"https:\/\/www.agenciasantafe.com.br\/blog\/geracao-z\/","name":"Gera\u00e7\u00e3o Z - Como se destacar para conquistar a aten\u00e7\u00e3o da GenZ","isPartOf":{"@id":"https:\/\/www.agenciasantafe.com.br\/blog\/#website"},"primaryImageOfPage":{"@id":"https:\/\/www.agenciasantafe.com.br\/blog\/geracao-z\/#primaryimage"},"datePublished":"2019-10-08T10:34:03+00:00","dateModified":"2021-07-28T15:57:27+00:00","description":"Saiba como as gera\u00e7\u00f5es s\u00e3o denominadas no marketing digital e quais atributos a gera\u00e7\u00e3o Z procura em uma marca que atrai a aten\u00e7\u00e3o dessa turma","breadcrumb":{"@id":"https:\/\/www.agenciasantafe.com.br\/blog\/geracao-z\/#breadcrumb"},"inLanguage":"pt-BR","potentialAction":[{"@type":"ReadAction","target":["https:\/\/www.agenciasantafe.com.br\/blog\/geracao-z\/"]}]},{"@type":"BreadcrumbList","@id":"https:\/\/www.agenciasantafe.com.br\/blog\/geracao-z\/#breadcrumb","itemListElement":[{"@type":"ListItem","position":1,"name":"In\u00edcio","item":"https:\/\/www.agenciasantafe.com.br\/blog\/"},{"@type":"ListItem","position":2,"name":"Gera\u00e7\u00e3o Z &#8211; Como se destacar para conquistar a aten\u00e7\u00e3o da GenZ"}]},{"@type":"Article","@id":"https:\/\/www.agenciasantafe.com.br\/blog\/geracao-z\/#article","isPartOf":{"@id":"https:\/\/www.agenciasantafe.com.br\/blog\/geracao-z\/#webpage"},"author":{"@id":"https:\/\/www.agenciasantafe.com.br\/blog\/#\/schema\/person\/e0f6fc91c1c7f6d8fafaf466e64db088"},"headline":"Gera\u00e7\u00e3o Z &#8211; Como se destacar para conquistar a aten\u00e7\u00e3o da GenZ","datePublished":"2019-10-08T10:34:03+00:00","dateModified":"2021-07-28T15:57:27+00:00","mainEntityOfPage":{"@id":"https:\/\/www.agenciasantafe.com.br\/blog\/geracao-z\/#webpage"},"wordCount":1869,"commentCount":2,"publisher":{"@id":"https:\/\/www.agenciasantafe.com.br\/blog\/#organization"},"image":{"@id":"https:\/\/www.agenciasantafe.com.br\/blog\/geracao-z\/#primaryimage"},"thumbnailUrl":"https:\/\/www.agenciasantafe.com.br\/blog\/wp-content\/uploads\/2019\/10\/geracao_z.png","keywords":["Baby Boomers","GenZ","Gera\u00e7\u00e3o Alpha","Gera\u00e7\u00e3o X","Gera\u00e7\u00e3o Y","Gera\u00e7\u00e3o Z","Millennials"],"articleSection":["Dicas","Marketing Digital"],"inLanguage":"pt-BR","potentialAction":[{"@type":"CommentAction","name":"Comment","target":["https:\/\/www.agenciasantafe.com.br\/blog\/geracao-z\/#respond"]}]},{"@type":"Person","@id":"https:\/\/www.agenciasantafe.com.br\/blog\/#\/schema\/person\/e0f6fc91c1c7f6d8fafaf466e64db088","name":"Redatores Santa F\u00e9\/FALOMI","image":{"@type":"ImageObject","@id":"https:\/\/www.agenciasantafe.com.br\/blog\/#personlogo","inLanguage":"pt-BR","url":"https:\/\/secure.gravatar.com\/avatar\/81c0d899ce6c933b5787fd56a5aab7bc?s=96&d=mm&r=g","contentUrl":"https:\/\/secure.gravatar.com\/avatar\/81c0d899ce6c933b5787fd56a5aab7bc?s=96&d=mm&r=g","caption":"Redatores Santa F\u00e9\/FALOMI"},"url":"https:\/\/www.agenciasantafe.com.br\/blog\/author\/santafe\/"}]}},"_links":{"self":[{"href":"https:\/\/www.agenciasantafe.com.br\/blog\/wp-json\/wp\/v2\/posts\/818"}],"collection":[{"href":"https:\/\/www.agenciasantafe.com.br\/blog\/wp-json\/wp\/v2\/posts"}],"about":[{"href":"https:\/\/www.agenciasantafe.com.br\/blog\/wp-json\/wp\/v2\/types\/post"}],"author":[{"embeddable":true,"href":"https:\/\/www.agenciasantafe.com.br\/blog\/wp-json\/wp\/v2\/users\/1"}],"replies":[{"embeddable":true,"href":"https:\/\/www.agenciasantafe.com.br\/blog\/wp-json\/wp\/v2\/comments?post=818"}],"version-history":[{"count":37,"href":"https:\/\/www.agenciasantafe.com.br\/blog\/wp-json\/wp\/v2\/posts\/818\/revisions"}],"predecessor-version":[{"id":2632,"href":"https:\/\/www.agenciasantafe.com.br\/blog\/wp-json\/wp\/v2\/posts\/818\/revisions\/2632"}],"wp:featuredmedia":[{"embeddable":true,"href":"https:\/\/www.agenciasantafe.com.br\/blog\/wp-json\/wp\/v2\/media\/872"}],"wp:attachment":[{"href":"https:\/\/www.agenciasantafe.com.br\/blog\/wp-json\/wp\/v2\/media?parent=818"}],"wp:term":[{"taxonomy":"category","embeddable":true,"href":"https:\/\/www.agenciasantafe.com.br\/blog\/wp-json\/wp\/v2\/categories?post=818"},{"taxonomy":"post_tag","embeddable":true,"href":"https:\/\/www.agenciasantafe.com.br\/blog\/wp-json\/wp\/v2\/tags?post=818"}],"curies":[{"name":"wp","href":"https:\/\/api.w.org\/{rel}","templated":true}]}}