{"id":96,"date":"2018-02-10T19:08:59","date_gmt":"2018-02-10T21:08:59","guid":{"rendered":"http:\/\/www.agenciasantafe.com.br\/blog\/?p=96"},"modified":"2019-10-28T09:43:52","modified_gmt":"2019-10-28T12:43:52","slug":"collections-instagram","status":"publish","type":"post","link":"https:\/\/www.agenciasantafe.com.br\/blog\/collections-instagram\/","title":{"rendered":"Collections Instagram: Instagram com cara de e-commerce"},"content":{"rendered":"<h2>O que \u00e9 o Collections Instagram?<\/h2>\n<p>O Collections Instagram \u00e9 o <strong>novo formato de an\u00fancios da principal rede social de fotos do mercado<\/strong>.<\/p>\n<h2>Instagram, uma grande oportunidade!<\/h2>\n<p>O Instagram est\u00e1 entre as principais redes sociais para sua empresa investir agora e nos pr\u00f3ximos anos.<\/p>\n<p><img loading=\"lazy\" class=\"aligncenter wp-image-175 size-medium\" src=\"http:\/\/www.agenciasantafe.com.br\/blog\/wp-content\/uploads\/2018\/02\/instagram-300x300.jpg\" alt=\"instagram\" width=\"300\" height=\"300\" srcset=\"https:\/\/www.agenciasantafe.com.br\/blog\/wp-content\/uploads\/2018\/02\/instagram-300x300.jpg 300w, https:\/\/www.agenciasantafe.com.br\/blog\/wp-content\/uploads\/2018\/02\/instagram-150x150.jpg 150w, https:\/\/www.agenciasantafe.com.br\/blog\/wp-content\/uploads\/2018\/02\/instagram.jpg 626w\" sizes=\"(max-width: 300px) 100vw, 300px\" \/><\/p>\n<p>Esta incr\u00edvel rede\u00a0esta na segunda posi\u00e7\u00e3o em rela\u00e7\u00e3o a n\u00fameros de usu\u00e1rios no Brasil, com\u00a0mais de 50 milh\u00f5es de pessoas conectadas. O Instagram \u00e9 uma rede em ascens\u00e3o. Confira os n\u00fameros:<\/p>\n<ul>\n<li>Mais de <strong>800 milh\u00f5es<\/strong> de usu\u00e1rios em todo o mundo<\/li>\n<li>Mais de <strong>50 milh\u00f5es<\/strong> de usu\u00e1rios ativos apenas no Brasil<\/li>\n<li>Mais de <strong>2 milh\u00f5es<\/strong> de anunciantes em todo o mundo<\/li>\n<li>Mais de <strong>15 milh\u00f5es<\/strong> de perfis comerciais em todo o mundo<\/li>\n<\/ul>\n<p>Com base no volume de usu\u00e1rios, os n\u00fameros apresentados acima e no volume de inova\u00e7\u00f5es que a rede vem apresentando, o<strong> Instagram torna-se uma excelente oportunidade para as marcas investirem<\/strong>.<\/p>\n<p>A \u00faltima novidade que a rede apresentou \u00e9 a cria\u00e7\u00e3o deste novo formato de an\u00fancios que promete <strong>aproximar a experi\u00eancia da rede a de um e-commerce.\u00a0<\/strong>Esta nova experi\u00eancia ir\u00e1 trazer ao mercado <strong>um novo e importante canal de vendas<\/strong> para as marcas.<\/p>\n<p>Al\u00e9m de um novo canal de vendas este novo formato promete trazer ao mercado novas oportunidades de an\u00fancios e exposi\u00e7\u00e3o de produtos. O que promete ser uma excelente <strong>ferramenta de vendas para sua empresa<\/strong>.<\/p>\n<p>O mercado de e-commerce est\u00e1 se tornando uma grande oportunidade para o Instagram. Esta nova funcionalidade \u00e9 um passo importante para a rede se tornar uma importante ferramenta de marketing e vendas para o com\u00e9rcio eletr\u00f4nico.<\/p>\n<h2><strong>Confira como ir\u00e1 funcionar esta novidade do Instagram<\/strong><\/h2>\n<p>Para as marcas e empresas que buscam por estrat\u00e9gias de marketing digital visuais esta nova funcionalidade vem para somar e ajudar a trazer melhores resultados em suas a\u00e7\u00f5es. Afinal <strong>une \u00e1udio e v\u00eddeo a um cat\u00e1logo de produtos<\/strong>.<\/p>\n<p>Na \u00e1rea de feed do Instagram ser\u00e1 exibido um v\u00eddeo e logo abaixo ser\u00e3o os produtos ser\u00e3o apresentados no v\u00eddeo em formato de cat\u00e1logo.<\/p>\n<p>As marcas\u00a0<a href=\"https:\/\/www.birchbox.com\/\" target=\"_blank\" rel=\"noopener\">Birchbox<\/a> e <a href=\"http:\/\/www.revolveclothing.com.br\/\" target=\"_blank\" rel=\"noopener\">Revolve<\/a>\u00a0que possuem 200 milh\u00f5es de seguidores s\u00e3o as pioneiras a testarem a novidade.<\/p>\n<p>Abaixo, para que voc\u00ea entenda como ir\u00e1 funcionar o Collection Instagram, separamos uma imagem da nova funcionalidade em funcionamento nos testes realizados pelas marcas Birchbox e Revolve.<\/p>\n<p><img loading=\"lazy\" class=\"aligncenter size-full wp-image-98\" src=\"http:\/\/www.agenciasantafe.com.br\/blog\/wp-content\/uploads\/2018\/02\/instagram_birch3.gif\" alt=\"collections instagram\" width=\"640\" height=\"427\" \/><\/p>\n<h2>Conclus\u00e3o<\/h2>\n<p>A novidade chegar\u00e1 ao mercado rapidamente. Assim,\u00a0o Instragram ganhar\u00e1 cada vez mais visibilidade e ser\u00e1 indispens\u00e1vel para a estrat\u00e9gia de marketing digital das empresas.<\/p>\n<p>Aqui na ag\u00eancia Santa F\u00e9\/FALOMI, nos diversos projetos de marketing digital que trabalhamos, notamos a cada dia o crescimento e <strong>a import\u00e2ncia do Instagram para o sucesso de nossos clientes.<\/strong><\/p>\n<p>Com esta novidade n\u00e3o nos sobra d\u00favida, de que\u00a0<strong> todas as marcas tem muito a ganhar com o Collections Instagram<\/strong>.<\/p>\n<p><a href=\"http:\/\/www.agenciasantafe.com.br\/\" target=\"_blank\" rel=\"noopener\"><strong>Quer saber mais como o Instagram pode ajudar sua empresa a obter melhores resultados. Entre em contato com nossos consultores e confira esta oportunidade.<\/strong><\/a><\/p>\n","protected":false},"excerpt":{"rendered":"<p>O que \u00e9 o Collections Instagram? O Collections Instagram \u00e9 o novo formato de an\u00fancios da principal rede social de fotos do mercado. Instagram, uma grande oportunidade! O Instagram est\u00e1 entre as principais redes sociais para sua empresa investir agora e nos pr\u00f3ximos anos. Esta incr\u00edvel rede\u00a0esta na segunda posi\u00e7\u00e3o em rela\u00e7\u00e3o a n\u00fameros de&#8230;<\/p>\n","protected":false},"author":2,"featured_media":97,"comment_status":"open","ping_status":"open","sticky":false,"template":"","format":"standard","meta":[],"categories":[4],"tags":[],"yoast_head":"<!-- This site is optimized with the Yoast SEO plugin v16.8 - https:\/\/yoast.com\/wordpress\/plugins\/seo\/ -->\n<title>Collections Instagram: A nova pegada de e-commerce no Instagram<\/title>\n<meta name=\"description\" content=\"Saiba tudo sobre a nova pegada de e-commerce no Instagram, o Collections Instagram, o novo formato de an\u00fancios do Instagram. Confira esta novidade!\" \/>\n<meta name=\"robots\" content=\"index, follow, max-snippet:-1, max-image-preview:large, max-video-preview:-1\" \/>\n<link rel=\"canonical\" href=\"https:\/\/www.agenciasantafe.com.br\/blog\/collections-instagram\/\" \/>\n<meta property=\"og:locale\" content=\"pt_BR\" \/>\n<meta property=\"og:type\" content=\"article\" \/>\n<meta property=\"og:title\" content=\"Collections Instagram: A nova pegada de e-commerce no Instagram\" \/>\n<meta property=\"og:description\" content=\"Saiba tudo sobre a nova pegada de e-commerce no Instagram, o Collections Instagram, o novo formato de an\u00fancios do Instagram. Confira esta novidade!\" \/>\n<meta property=\"og:url\" content=\"https:\/\/www.agenciasantafe.com.br\/blog\/collections-instagram\/\" \/>\n<meta property=\"og:site_name\" content=\"Ag\u00eancia de Marketing Digital - Santa F\u00e9\/FALOMI\" \/>\n<meta property=\"article:publisher\" content=\"https:\/\/www.facebook.com\/agenciasantafe\" \/>\n<meta property=\"article:published_time\" content=\"2018-02-10T21:08:59+00:00\" \/>\n<meta property=\"article:modified_time\" content=\"2019-10-28T12:43:52+00:00\" \/>\n<meta property=\"og:image\" content=\"https:\/\/www.agenciasantafe.com.br\/blog\/wp-content\/uploads\/2018\/02\/imageedit_2_4172114051.jpg\" \/>\n\t<meta property=\"og:image:width\" content=\"675\" \/>\n\t<meta property=\"og:image:height\" content=\"379\" \/>\n<meta name=\"twitter:card\" content=\"summary_large_image\" \/>\n<meta name=\"twitter:creator\" content=\"@agenciasantafe\" \/>\n<meta name=\"twitter:site\" content=\"@agenciasantafe\" \/>\n<meta name=\"twitter:label1\" content=\"Escrito por\" \/>\n\t<meta name=\"twitter:data1\" content=\"Filipe Iliszko Faustino\" \/>\n\t<meta name=\"twitter:label2\" content=\"Est. tempo de leitura\" \/>\n\t<meta name=\"twitter:data2\" content=\"3 minutos\" \/>\n<script type=\"application\/ld+json\" class=\"yoast-schema-graph\">{\"@context\":\"https:\/\/schema.org\",\"@graph\":[{\"@type\":\"Organization\",\"@id\":\"https:\/\/www.agenciasantafe.com.br\/blog\/#organization\",\"name\":\"Santa F\\u00e9\/FALOMI\",\"url\":\"https:\/\/www.agenciasantafe.com.br\/blog\/\",\"sameAs\":[\"https:\/\/www.facebook.com\/agenciasantafe\",\"https:\/\/www.instagram.com\/santafefalomi\/\",\"https:\/\/www.linkedin.com\/company\/12077714\",\"https:\/\/twitter.com\/agenciasantafe\"],\"logo\":{\"@type\":\"ImageObject\",\"@id\":\"https:\/\/www.agenciasantafe.com.br\/blog\/#logo\",\"inLanguage\":\"pt-BR\",\"url\":\"https:\/\/www.agenciasantafe.com.br\/blog\/wp-content\/uploads\/2017\/11\/logo.jpg\",\"contentUrl\":\"https:\/\/www.agenciasantafe.com.br\/blog\/wp-content\/uploads\/2017\/11\/logo.jpg\",\"width\":150,\"height\":86,\"caption\":\"Santa F\\u00e9\/FALOMI\"},\"image\":{\"@id\":\"https:\/\/www.agenciasantafe.com.br\/blog\/#logo\"}},{\"@type\":\"WebSite\",\"@id\":\"https:\/\/www.agenciasantafe.com.br\/blog\/#website\",\"url\":\"https:\/\/www.agenciasantafe.com.br\/blog\/\",\"name\":\"Ag\\u00eancia de Marketing Digital - Santa F\\u00e9\/FALOMI\",\"description\":\"Este \\u00e9 o lugar certo para voc\\u00ea que gosta e procura informa\\u00e7\\u00f5es de marketing digital e vendas.\",\"publisher\":{\"@id\":\"https:\/\/www.agenciasantafe.com.br\/blog\/#organization\"},\"potentialAction\":[{\"@type\":\"SearchAction\",\"target\":{\"@type\":\"EntryPoint\",\"urlTemplate\":\"https:\/\/www.agenciasantafe.com.br\/blog\/?s={search_term_string}\"},\"query-input\":\"required name=search_term_string\"}],\"inLanguage\":\"pt-BR\"},{\"@type\":\"ImageObject\",\"@id\":\"https:\/\/www.agenciasantafe.com.br\/blog\/collections-instagram\/#primaryimage\",\"inLanguage\":\"pt-BR\",\"url\":\"https:\/\/www.agenciasantafe.com.br\/blog\/wp-content\/uploads\/2018\/02\/imageedit_2_4172114051.jpg\",\"contentUrl\":\"https:\/\/www.agenciasantafe.com.br\/blog\/wp-content\/uploads\/2018\/02\/imageedit_2_4172114051.jpg\",\"width\":675,\"height\":379,\"caption\":\"collections instagram\"},{\"@type\":\"WebPage\",\"@id\":\"https:\/\/www.agenciasantafe.com.br\/blog\/collections-instagram\/#webpage\",\"url\":\"https:\/\/www.agenciasantafe.com.br\/blog\/collections-instagram\/\",\"name\":\"Collections Instagram: A nova pegada de e-commerce no Instagram\",\"isPartOf\":{\"@id\":\"https:\/\/www.agenciasantafe.com.br\/blog\/#website\"},\"primaryImageOfPage\":{\"@id\":\"https:\/\/www.agenciasantafe.com.br\/blog\/collections-instagram\/#primaryimage\"},\"datePublished\":\"2018-02-10T21:08:59+00:00\",\"dateModified\":\"2019-10-28T12:43:52+00:00\",\"description\":\"Saiba tudo sobre a nova pegada de e-commerce no Instagram, o Collections Instagram, o novo formato de an\\u00fancios do Instagram. Confira esta novidade!\",\"breadcrumb\":{\"@id\":\"https:\/\/www.agenciasantafe.com.br\/blog\/collections-instagram\/#breadcrumb\"},\"inLanguage\":\"pt-BR\",\"potentialAction\":[{\"@type\":\"ReadAction\",\"target\":[\"https:\/\/www.agenciasantafe.com.br\/blog\/collections-instagram\/\"]}]},{\"@type\":\"BreadcrumbList\",\"@id\":\"https:\/\/www.agenciasantafe.com.br\/blog\/collections-instagram\/#breadcrumb\",\"itemListElement\":[{\"@type\":\"ListItem\",\"position\":1,\"name\":\"In\\u00edcio\",\"item\":\"https:\/\/www.agenciasantafe.com.br\/blog\/\"},{\"@type\":\"ListItem\",\"position\":2,\"name\":\"Collections Instagram: Instagram com cara de e-commerce\"}]},{\"@type\":\"Article\",\"@id\":\"https:\/\/www.agenciasantafe.com.br\/blog\/collections-instagram\/#article\",\"isPartOf\":{\"@id\":\"https:\/\/www.agenciasantafe.com.br\/blog\/collections-instagram\/#webpage\"},\"author\":{\"@id\":\"https:\/\/www.agenciasantafe.com.br\/blog\/#\/schema\/person\/8cafa5e324a38c5d120fbb1795011dd7\"},\"headline\":\"Collections Instagram: Instagram com cara de e-commerce\",\"datePublished\":\"2018-02-10T21:08:59+00:00\",\"dateModified\":\"2019-10-28T12:43:52+00:00\",\"mainEntityOfPage\":{\"@id\":\"https:\/\/www.agenciasantafe.com.br\/blog\/collections-instagram\/#webpage\"},\"wordCount\":519,\"commentCount\":1,\"publisher\":{\"@id\":\"https:\/\/www.agenciasantafe.com.br\/blog\/#organization\"},\"image\":{\"@id\":\"https:\/\/www.agenciasantafe.com.br\/blog\/collections-instagram\/#primaryimage\"},\"thumbnailUrl\":\"https:\/\/www.agenciasantafe.com.br\/blog\/wp-content\/uploads\/2018\/02\/imageedit_2_4172114051.jpg\",\"articleSection\":[\"Marketing Digital\"],\"inLanguage\":\"pt-BR\",\"potentialAction\":[{\"@type\":\"CommentAction\",\"name\":\"Comment\",\"target\":[\"https:\/\/www.agenciasantafe.com.br\/blog\/collections-instagram\/#respond\"]}]},{\"@type\":\"Person\",\"@id\":\"https:\/\/www.agenciasantafe.com.br\/blog\/#\/schema\/person\/8cafa5e324a38c5d120fbb1795011dd7\",\"name\":\"Filipe Iliszko Faustino\",\"image\":{\"@type\":\"ImageObject\",\"@id\":\"https:\/\/www.agenciasantafe.com.br\/blog\/#personlogo\",\"inLanguage\":\"pt-BR\",\"url\":\"https:\/\/secure.gravatar.com\/avatar\/97cf5e3859498caff4de2c2089659622?s=96&d=mm&r=g\",\"contentUrl\":\"https:\/\/secure.gravatar.com\/avatar\/97cf5e3859498caff4de2c2089659622?s=96&d=mm&r=g\",\"caption\":\"Filipe Iliszko Faustino\"},\"description\":\"Founder and director at Santa F\\u00e9\/FALOMI | Digital marketing specialist Post Graduated in Business Administration by University of Miami - School Of Business and Funda\\u00e7\\u00e3o Get\\u00falio Vargas (FGV) , I am driven and inspired by technology in communication. Having that in mind, in 2010 I founded Santa Fe\/FALOMI, with the purpose to help companies to use digital marketing to add value, create demand and new opportunities, in a very creative and strategic way. With +15y experience on communication arena, I started my journey working at EUROMIDIA in the commercial department, and later I worked as advertisement consultant in communication\\u2019s agencies.\",\"sameAs\":[\"http:\/\/www.filipefaustino.com.br\"],\"url\":\"https:\/\/www.agenciasantafe.com.br\/blog\/author\/filipe\/\"}]}<\/script>\n<!-- \/ Yoast SEO plugin. -->","yoast_head_json":{"title":"Collections Instagram: A nova pegada de e-commerce no Instagram","description":"Saiba tudo sobre a nova pegada de e-commerce no Instagram, o Collections Instagram, o novo formato de an\u00fancios do Instagram. Confira esta novidade!","robots":{"index":"index","follow":"follow","max-snippet":"max-snippet:-1","max-image-preview":"max-image-preview:large","max-video-preview":"max-video-preview:-1"},"canonical":"https:\/\/www.agenciasantafe.com.br\/blog\/collections-instagram\/","og_locale":"pt_BR","og_type":"article","og_title":"Collections Instagram: A nova pegada de e-commerce no Instagram","og_description":"Saiba tudo sobre a nova pegada de e-commerce no Instagram, o Collections Instagram, o novo formato de an\u00fancios do Instagram. Confira esta novidade!","og_url":"https:\/\/www.agenciasantafe.com.br\/blog\/collections-instagram\/","og_site_name":"Ag\u00eancia de Marketing Digital - Santa F\u00e9\/FALOMI","article_publisher":"https:\/\/www.facebook.com\/agenciasantafe","article_published_time":"2018-02-10T21:08:59+00:00","article_modified_time":"2019-10-28T12:43:52+00:00","og_image":[{"width":675,"height":379,"url":"https:\/\/www.agenciasantafe.com.br\/blog\/wp-content\/uploads\/2018\/02\/imageedit_2_4172114051.jpg","path":"\/home\/agenciasantafe\/www\/blog\/wp-content\/uploads\/2018\/02\/imageedit_2_4172114051.jpg","size":"full","id":97,"alt":"collections instagram","pixels":255825,"type":"image\/jpeg"}],"twitter_card":"summary_large_image","twitter_creator":"@agenciasantafe","twitter_site":"@agenciasantafe","twitter_misc":{"Escrito por":"Filipe Iliszko Faustino","Est. tempo de leitura":"3 minutos"},"schema":{"@context":"https:\/\/schema.org","@graph":[{"@type":"Organization","@id":"https:\/\/www.agenciasantafe.com.br\/blog\/#organization","name":"Santa F\u00e9\/FALOMI","url":"https:\/\/www.agenciasantafe.com.br\/blog\/","sameAs":["https:\/\/www.facebook.com\/agenciasantafe","https:\/\/www.instagram.com\/santafefalomi\/","https:\/\/www.linkedin.com\/company\/12077714","https:\/\/twitter.com\/agenciasantafe"],"logo":{"@type":"ImageObject","@id":"https:\/\/www.agenciasantafe.com.br\/blog\/#logo","inLanguage":"pt-BR","url":"https:\/\/www.agenciasantafe.com.br\/blog\/wp-content\/uploads\/2017\/11\/logo.jpg","contentUrl":"https:\/\/www.agenciasantafe.com.br\/blog\/wp-content\/uploads\/2017\/11\/logo.jpg","width":150,"height":86,"caption":"Santa F\u00e9\/FALOMI"},"image":{"@id":"https:\/\/www.agenciasantafe.com.br\/blog\/#logo"}},{"@type":"WebSite","@id":"https:\/\/www.agenciasantafe.com.br\/blog\/#website","url":"https:\/\/www.agenciasantafe.com.br\/blog\/","name":"Ag\u00eancia de Marketing Digital - Santa F\u00e9\/FALOMI","description":"Este \u00e9 o lugar certo para voc\u00ea que gosta e procura informa\u00e7\u00f5es de marketing digital e vendas.","publisher":{"@id":"https:\/\/www.agenciasantafe.com.br\/blog\/#organization"},"potentialAction":[{"@type":"SearchAction","target":{"@type":"EntryPoint","urlTemplate":"https:\/\/www.agenciasantafe.com.br\/blog\/?s={search_term_string}"},"query-input":"required name=search_term_string"}],"inLanguage":"pt-BR"},{"@type":"ImageObject","@id":"https:\/\/www.agenciasantafe.com.br\/blog\/collections-instagram\/#primaryimage","inLanguage":"pt-BR","url":"https:\/\/www.agenciasantafe.com.br\/blog\/wp-content\/uploads\/2018\/02\/imageedit_2_4172114051.jpg","contentUrl":"https:\/\/www.agenciasantafe.com.br\/blog\/wp-content\/uploads\/2018\/02\/imageedit_2_4172114051.jpg","width":675,"height":379,"caption":"collections instagram"},{"@type":"WebPage","@id":"https:\/\/www.agenciasantafe.com.br\/blog\/collections-instagram\/#webpage","url":"https:\/\/www.agenciasantafe.com.br\/blog\/collections-instagram\/","name":"Collections Instagram: A nova pegada de e-commerce no Instagram","isPartOf":{"@id":"https:\/\/www.agenciasantafe.com.br\/blog\/#website"},"primaryImageOfPage":{"@id":"https:\/\/www.agenciasantafe.com.br\/blog\/collections-instagram\/#primaryimage"},"datePublished":"2018-02-10T21:08:59+00:00","dateModified":"2019-10-28T12:43:52+00:00","description":"Saiba tudo sobre a nova pegada de e-commerce no Instagram, o Collections Instagram, o novo formato de an\u00fancios do Instagram. Confira esta novidade!","breadcrumb":{"@id":"https:\/\/www.agenciasantafe.com.br\/blog\/collections-instagram\/#breadcrumb"},"inLanguage":"pt-BR","potentialAction":[{"@type":"ReadAction","target":["https:\/\/www.agenciasantafe.com.br\/blog\/collections-instagram\/"]}]},{"@type":"BreadcrumbList","@id":"https:\/\/www.agenciasantafe.com.br\/blog\/collections-instagram\/#breadcrumb","itemListElement":[{"@type":"ListItem","position":1,"name":"In\u00edcio","item":"https:\/\/www.agenciasantafe.com.br\/blog\/"},{"@type":"ListItem","position":2,"name":"Collections Instagram: Instagram com cara de e-commerce"}]},{"@type":"Article","@id":"https:\/\/www.agenciasantafe.com.br\/blog\/collections-instagram\/#article","isPartOf":{"@id":"https:\/\/www.agenciasantafe.com.br\/blog\/collections-instagram\/#webpage"},"author":{"@id":"https:\/\/www.agenciasantafe.com.br\/blog\/#\/schema\/person\/8cafa5e324a38c5d120fbb1795011dd7"},"headline":"Collections Instagram: Instagram com cara de e-commerce","datePublished":"2018-02-10T21:08:59+00:00","dateModified":"2019-10-28T12:43:52+00:00","mainEntityOfPage":{"@id":"https:\/\/www.agenciasantafe.com.br\/blog\/collections-instagram\/#webpage"},"wordCount":519,"commentCount":1,"publisher":{"@id":"https:\/\/www.agenciasantafe.com.br\/blog\/#organization"},"image":{"@id":"https:\/\/www.agenciasantafe.com.br\/blog\/collections-instagram\/#primaryimage"},"thumbnailUrl":"https:\/\/www.agenciasantafe.com.br\/blog\/wp-content\/uploads\/2018\/02\/imageedit_2_4172114051.jpg","articleSection":["Marketing Digital"],"inLanguage":"pt-BR","potentialAction":[{"@type":"CommentAction","name":"Comment","target":["https:\/\/www.agenciasantafe.com.br\/blog\/collections-instagram\/#respond"]}]},{"@type":"Person","@id":"https:\/\/www.agenciasantafe.com.br\/blog\/#\/schema\/person\/8cafa5e324a38c5d120fbb1795011dd7","name":"Filipe Iliszko Faustino","image":{"@type":"ImageObject","@id":"https:\/\/www.agenciasantafe.com.br\/blog\/#personlogo","inLanguage":"pt-BR","url":"https:\/\/secure.gravatar.com\/avatar\/97cf5e3859498caff4de2c2089659622?s=96&d=mm&r=g","contentUrl":"https:\/\/secure.gravatar.com\/avatar\/97cf5e3859498caff4de2c2089659622?s=96&d=mm&r=g","caption":"Filipe Iliszko Faustino"},"description":"Founder and director at Santa F\u00e9\/FALOMI | Digital marketing specialist Post Graduated in Business Administration by University of Miami - School Of Business and Funda\u00e7\u00e3o Get\u00falio Vargas (FGV) , I am driven and inspired by technology in communication. Having that in mind, in 2010 I founded Santa Fe\/FALOMI, with the purpose to help companies to use digital marketing to add value, create demand and new opportunities, in a very creative and strategic way. With +15y experience on communication arena, I started my journey working at EUROMIDIA in the commercial department, and later I worked as advertisement consultant in communication\u2019s agencies.","sameAs":["http:\/\/www.filipefaustino.com.br"],"url":"https:\/\/www.agenciasantafe.com.br\/blog\/author\/filipe\/"}]}},"_links":{"self":[{"href":"https:\/\/www.agenciasantafe.com.br\/blog\/wp-json\/wp\/v2\/posts\/96"}],"collection":[{"href":"https:\/\/www.agenciasantafe.com.br\/blog\/wp-json\/wp\/v2\/posts"}],"about":[{"href":"https:\/\/www.agenciasantafe.com.br\/blog\/wp-json\/wp\/v2\/types\/post"}],"author":[{"embeddable":true,"href":"https:\/\/www.agenciasantafe.com.br\/blog\/wp-json\/wp\/v2\/users\/2"}],"replies":[{"embeddable":true,"href":"https:\/\/www.agenciasantafe.com.br\/blog\/wp-json\/wp\/v2\/comments?post=96"}],"version-history":[{"count":10,"href":"https:\/\/www.agenciasantafe.com.br\/blog\/wp-json\/wp\/v2\/posts\/96\/revisions"}],"predecessor-version":[{"id":1001,"href":"https:\/\/www.agenciasantafe.com.br\/blog\/wp-json\/wp\/v2\/posts\/96\/revisions\/1001"}],"wp:featuredmedia":[{"embeddable":true,"href":"https:\/\/www.agenciasantafe.com.br\/blog\/wp-json\/wp\/v2\/media\/97"}],"wp:attachment":[{"href":"https:\/\/www.agenciasantafe.com.br\/blog\/wp-json\/wp\/v2\/media?parent=96"}],"wp:term":[{"taxonomy":"category","embeddable":true,"href":"https:\/\/www.agenciasantafe.com.br\/blog\/wp-json\/wp\/v2\/categories?post=96"},{"taxonomy":"post_tag","embeddable":true,"href":"https:\/\/www.agenciasantafe.com.br\/blog\/wp-json\/wp\/v2\/tags?post=96"}],"curies":[{"name":"wp","href":"https:\/\/api.w.org\/{rel}","templated":true}]}}